{"id":360561,"date":"2026-08-28T01:10:19","date_gmt":"2026-08-28T01:10:19","guid":{"rendered":"https:\/\/www.europesays.com\/at\/360561\/"},"modified":"2026-08-28T01:10:19","modified_gmt":"2026-08-28T01:10:19","slug":"conference-league-sc-freiburg-loest-ticket-fuer-die-ligaphase","status":"publish","type":"post","link":"https:\/\/www.europesays.com\/at\/360561\/","title":{"rendered":"Conference League: SC Freiburg l\u00f6st Ticket f\u00fcr die Ligaphase"},"content":{"rendered":"<p> <img decoding=\"async\" src=\"https:\/\/www.europesays.com\/at\/wp-content\/uploads\/2026\/08\/413558b0c7e7eeaf963684e67c4c15866bd686c7.jpg\" alt=\"\"\/> <\/p>\n<p>Der SC Freiburg hat seine eigene Vorlage souver\u00e4n genutzt und die Ligaphase der Conference League erreicht. Eine Woche nach dem ungef\u00e4hrdeten 3:1-Hinspielerfolg lie\u00dfen die Breisgauer nichts mehr anbrennen und sicherten sich durch das 4:1 (1:1) im zweiten Playoff-Duell mit den Schotten des FC Motherwell das Ticket f\u00fcrs europ\u00e4ische Gesch\u00e4ft.<\/p>\n<p><img decoding=\"async\" src=\"https:\/\/www.europesays.com\/at\/wp-content\/uploads\/2026\/08\/b505f36ab33b326d1e77b32a0a67aabcc12ee73c.jpg\" alt=\"Scherhant (r.) jubelt mit G\u00fcnter \u00fcber die F\u00fchrung (Foto: \/SID\/Alessio Bosco)\"\/><\/p>\n<p>Scherhant (r.) jubelt mit G\u00fcnter \u00fcber die F\u00fchrung<\/p>\n<p>Foto: \/SID\/Alessio Bosco<\/p>\n<p>&#8222;Eines unserer Ziele haben wir mit zwei \u00fcberzeugenden Siegen geschafft&#8220;, sagte Trainer Julian Schuster im SWR. Sein Team habe &#8222;gr\u00f6\u00dftenteils die Kontrolle&#8220; ausge\u00fcbt. &#8222;Es war wichtig&#8220;, erg\u00e4nzte Derry Scherhant angesichts des Hinspielsiegs, &#8222;dass wir uns nicht ausgeruht haben.&#8220;<\/p>\n<p>Scherhant (6.) bescherte dem Sport-Club im eigenen Stadion einen Auftakt nach Ma\u00df. Torh\u00fcter Mio Backhaus erm\u00f6glichte den G\u00e4sten mit einem Aussetzer den Ausgleich durch Emmanuel Longelo (22.). Das Team von Trainer Schuster spielte nach einer Notbremse von Jake Girdwood-Reich (57.) aber in \u00dcberzahl &#8211; und schlug durch Igor Matanovic (60.), Cyriaque Iri\u00e9 (63.) und Keisuke Goto (85.) erneut zu.<\/p>\n<p>Damit sind die Freiburger am Freitag dabei, wenn in Monaco die Lose f\u00fcr den drittwichtigsten europ\u00e4ischen Wettbewerb gezogen werden. Der erste Spieltag findet am 15. Oktober statt. &#8222;Es ist einfach besonders, international spielen zu d\u00fcrfen. Das sind tolle Erfahrungen&#8220;, sagte Schuster.<\/p>\n<p>Trotz der guten Ausgangslage hatte Coach die Sinne seiner Spieler im Vorfeld gesch\u00e4rft. &#8222;Der Fu\u00dfball schreibt immer wieder unerwartete Geschichten, deshalb sind wir total gewarnt&#8220;, sagte der Freiburger Trainer.<\/p>\n<p>Der Europa-League-Finalist der Vorsaison bestimmte das Spiel von Beginn an und belohnte sich fr\u00fch. Weil Backhaus einen unplatzierten Fernschuss durch die H\u00e4nde rutschen lie\u00df, ging es aber mit einem Remis in die Pause. Der Torh\u00fcter war im Sommer als Ersatz f\u00fcr Noah Atubolu gekommen, der steht wiederum nach einem monatelangen Poker vor einem Transfer zu Eintracht Frankfurt.<\/p>\n<p>Trotz eines klaren Foulspiels gab es vor der Pause keinen Elfmeter f\u00fcr den SC &#8211; weil Iri\u00e9 zuvor im Abseits gestanden hatte (35.). Der Angreifer traf dazu die Latte (45.+4) und lie\u00df damit eine von mehreren guten Chancen der Freiburger auf die erneute F\u00fchrung liegen. Nach dem Platzverweis der Schotten und Matanovics Kopfballtreffer \u00fcbte Schusters Team noch mehr Kontrolle aus &#8211; und legte nach.<\/p>\n<p class=\"text-secondary\">\u00a9 2026 SID<\/p>\n","protected":false},"excerpt":{"rendered":"Der SC Freiburg hat seine eigene Vorlage souver\u00e4n genutzt und die Ligaphase der Conference League erreicht. Eine Woche&hellip;\n","protected":false},"author":2,"featured_media":360562,"comment_status":"","ping_status":"","sticky":false,"template":"","format":"standard","meta":{"footnotes":"","_share_on_mastodon":"0"},"categories":[18],"tags":[46,42,1288,91125,47992,44,1046,109,108],"class_list":["post-360561","post","type-post","status-publish","format-standard","has-post-thumbnail","category-sport","tag-at","tag-austria","tag-conference-league","tag-fc-motherwell","tag-julian-schuster","tag-oesterreich","tag-sc-freiburg","tag-sport","tag-sports"],"share_on_mastodon":{"url":"https:\/\/pubeurope.com\/@at\/117170473028469712","error":""},"_links":{"self":[{"href":"https:\/\/www.europesays.com\/at\/wp-json\/wp\/v2\/posts\/360561","targetHints":{"allow":["GET"]}}],"collection":[{"href":"https:\/\/www.europesays.com\/at\/wp-json\/wp\/v2\/posts"}],"about":[{"href":"https:\/\/www.europesays.com\/at\/wp-json\/wp\/v2\/types\/post"}],"author":[{"embeddable":true,"href":"https:\/\/www.europesays.com\/at\/wp-json\/wp\/v2\/users\/2"}],"replies":[{"embeddable":true,"href":"https:\/\/www.europesays.com\/at\/wp-json\/wp\/v2\/comments?post=360561"}],"version-history":[{"count":0,"href":"https:\/\/www.europesays.com\/at\/wp-json\/wp\/v2\/posts\/360561\/revisions"}],"wp:featuredmedia":[{"embeddable":true,"href":"https:\/\/www.europesays.com\/at\/wp-json\/wp\/v2\/media\/360562"}],"wp:attachment":[{"href":"https:\/\/www.europesays.com\/at\/wp-json\/wp\/v2\/media?parent=360561"}],"wp:term":[{"taxonomy":"category","embeddable":true,"href":"https:\/\/www.europesays.com\/at\/wp-json\/wp\/v2\/categories?post=360561"},{"taxonomy":"post_tag","embeddable":true,"href":"https:\/\/www.europesays.com\/at\/wp-json\/wp\/v2\/tags?post=360561"}],"curies":[{"name":"wp","href":"https:\/\/api.w.org\/{rel}","templated":true}]}}