{"id":360655,"date":"2026-08-28T02:50:15","date_gmt":"2026-08-28T02:50:15","guid":{"rendered":"https:\/\/www.europesays.com\/at\/360655\/"},"modified":"2026-08-28T02:50:15","modified_gmt":"2026-08-28T02:50:15","slug":"papst-drogenbekaempfung-erfordert-zusammenarbeit-und-starke-familien","status":"publish","type":"post","link":"https:\/\/www.europesays.com\/at\/360655\/","title":{"rendered":"Papst: Drogenbek\u00e4mpfung erfordert Zusammenarbeit und starke Familien"},"content":{"rendered":"<p>Anl\u00e4sslich des Treffens zur Rolle des Glaubens im Kampf gegen Drogenmissbrauch und die Rekrutierung Jugendlicher durch kriminelle Netzwerke hat Papst Leo XIV. am Donnerstagvormittag im Vatikan die Bedeutung \u00fcbergreifender Kooperationen hervorgehoben.<\/p>\n<p>     <a href=\"https:\/\/www.vaticannews.va\/de\/papst\/news\/2026-07\/papst-leo-xiv-audienz-kolumbien-praesident-friedensprozess-not.html\" title=\"Papst und Kolumbiens Pr\u00e4sident beraten \u00fcber Friedensprozess\" rel=\"nofollow noopener\" target=\"_blank\"><\/p>\n<p>        <img decoding=\"async\" src=\"data:image\/gif;base64,R0lGODlhAQABAIAAAAAAAP\/\/\/yH5BAEAAAAALAAAAAABAAEAAAIBRAA7\" data-original=\"https:\/\/www.vaticannews.va\/content\/dam\/vaticannews\/agenzie\/images\/srv\/2026\/07\/02\/2026-07-02-s-e--il-signor-gustavo-petro-urrego--presidente-della\/1782980477379.JPG\/_jcr_content\/renditions\/cq5dam.thumbnail.cropped.500.281.jpeg\" alt=\"Papst und Kolumbiens Pr\u00e4sident beraten \u00fcber Friedensprozess\"\/><\/p>\n<p>      <\/a><\/p>\n<p>\n      Der kolumbianische Pr\u00e4sident Gustavo Francisco Petro Urrego war an diesem Donnerstag zum offiziellen Besuch im Vatikan. Das Presseamt des Heiligen Stuhls hat Einzelheiten bekannt &#8230;\n     <\/p>\n<p>Mario Galgano &#8211; Vatikanstadt<\/p>\n<p>Das Treffen, das von der p\u00e4pstlichen Kommission f\u00fcr Lateinamerika, dem Lateinamerikanischen Bischofsrat (CELAM) und der Interamerikanischen Kommission f\u00fcr die Kontrolle des Drogenmissbrauchs (CICAD) der Organisation Amerikanischer Staaten (OAS) organisiert wurde, bringt in diesen Tagen Vertreter aus Amerika, Asien, Afrika und Europa im Vatikan zusammen.<\/p>\n<p>\n   Zum Nachh\u00f6ren &#8211; was der Papst sagte\n  <\/p>\n<p>Komplexes Ph\u00e4nomen <\/p>\n<p>\u201eSucht ist ein komplexes Ph\u00e4nomen, das das Versagen einer entmenschlichten Welt offenbart\u201c, stellte der Papst in seiner Ansprache fest. \u201eDas Leid der Jugendlichen verlangt nach ganzheitlichen Antworten: Pr\u00e4vention auf Gemeindeebene, wissenschaftlich fundierte Betreuung, eine Justiz mit menschlichem Antlitz und eine nahbare seelsorgerische Begleitung. Unser Beitrag muss auf F\u00fcrsorge, Pr\u00e4senz und den Wiederaufbau des gemeinschaftlichen Gef\u00fcges ausgerichtet sein.\u201c<\/p>\n<p>    <img decoding=\"async\" src=\"data:image\/gif;base64,R0lGODlhAQABAIAAAAAAAP\/\/\/yH5BAEAAAAALAAAAAABAAEAAAIBRAA7\" data-original=\"https:\/\/www.vaticannews.va\/content\/dam\/vaticannews\/agenzie\/images\/srv\/2026\/08\/27\/2026-08-27-partecipanti-allincontro-promosso-dalla-pontificia-co\/1787826897718.JPG\/_jcr_content\/renditions\/cq5dam.thumbnail.cropped.750.422.jpeg\" alt=\"Die Audienz im Vatikan\" title=\"Die Audienz im Vatikan\"\/><\/p>\n<p>\n   Die Audienz im Vatikan \u00a0 (@VATICAN MEDIA)\n  <\/p>\n<p>Vier Handlungsfelder <\/p>\n<p>Der Papst hob vier zentrale Handlungsfelder hervor. Erstens sei die Partnerschaft zwischen der Kirche und internationalen Gremien unerl\u00e4sslich, da kein Akteur die Drogenproblematik allein bew\u00e4ltigen k\u00f6nne. Zweitens strebe die Kirche im Dialog zwischen Wissenschaft und Glauben nicht danach, Fachbereiche wie Neurowissenschaften oder Psychiatrie zu ersetzen, sondern das Thema auf Grundlage des Evangeliums ganzheitlich zu beleuchten. Drittens f\u00f6rdere der weltweite Austausch der Ortskirchen den gemeinsamen Umgang mit pastoralen Herausforderungen. Viertens biete die \u00f6kumenische Zusammenarbeit eine Handlungsebene, um Jugendlichen in ihren Bed\u00fcrfnissen beizustehen.<\/p>\n<p>Das Leid so vieler zerr\u00fctteter Familien&#8230; <\/p>\n<p>Weiter f\u00fcgte der Papst an: \u201eWir sind heute Zeugen des Leids so vieler zerr\u00fctteter Familien, sei es aufgrund von Drogenkonsum, Gewalt, der Rekrutierung eines Kindes durch kriminelle Kreise, Armut oder mangelnder Perspektiven, die Menschen an den Rand der Gesellschaft dr\u00e4ngen.\u00a0Der heilige Johannes Paul II. hat uns aufgefordert, die Kirche zum Haus und zur Schule der Gemeinschaft zu machen. Und Papst Franziskus hat uns daran erinnert, dass Jesus m\u00f6chte, dass wir das menschliche Elend ber\u00fchren, dass wir das leidende Fleisch der anderen ber\u00fchren.\u00a0Hier kommt der Kern der Mission zum Ausdruck, die Sie erf\u00fcllen: dass die Kirche eine Familie sei, die insbesondere die Menschen einschlie\u00dft, die leiden.\u201c<\/p>\n<p>Dar\u00fcber hinaus verwies der Papst auf die Funktion der Familie. Eine funktionierende Familie stelle die wirksamste Pr\u00e4vention gegen Drogenkonsum dar. Angesichts gesellschaftlicher Belastungen wie Armut, Gewalt und Perspektivlosigkeit verlangte er eine kirchliche Gemeinschaft, die sich als verl\u00e4sslicher Anlaufpunkt f\u00fcr benachteiligte und ausgrenzungsgef\u00e4hrdete Menschen versteht.<\/p>\n<p>(vatican news)<\/p>\n<p>    <img decoding=\"async\" src=\"data:image\/gif;base64,R0lGODlhAQABAIAAAAAAAP\/\/\/yH5BAEAAAAALAAAAAABAAEAAAIBRAA7\" data-original=\"https:\/\/www.vaticannews.va\/content\/dam\/vaticannews\/agenzie\/images\/srv\/2026\/08\/27\/2026-08-27-partecipanti-allincontro-promosso-dalla-pontificia-co\/1787825717106.JPG\/_jcr_content\/renditions\/cq5dam.thumbnail.cropped.750.422.jpeg\" alt=\"Die Audienz im Vatikan\" title=\"Die Audienz im Vatikan\"\/><\/p>\n<p>\n   Die Audienz im Vatikan \u00a0 (@VATICAN MEDIA)\n  <\/p>\n","protected":false},"excerpt":{"rendered":"Anl\u00e4sslich des Treffens zur Rolle des Glaubens im Kampf gegen Drogenmissbrauch und die Rekrutierung Jugendlicher durch kriminelle Netzwerke&hellip;\n","protected":false},"author":2,"featured_media":360656,"comment_status":"","ping_status":"","sticky":false,"template":"","format":"standard","meta":{"footnotes":"","_share_on_mastodon":"0"},"categories":[12],"tags":[91141,91140,1251,2294,13221,40,41,91142,10085,2859,5045,39,67181,2112,66,65,64],"class_list":["post-360655","post","type-post","status-publish","format-standard","has-post-thumbnail","category-welt","tag-celam","tag-drogenabhaengigkeit","tag-familie","tag-jugendliche","tag-lateinamerika","tag-nachrichten","tag-news","tag-oas","tag-oekumene","tag-papst-leo-xiv","tag-praevention","tag-schlagzeilen","tag-seelsorge","tag-vatikan","tag-welt","tag-world","tag-world-news"],"share_on_mastodon":{"url":"https:\/\/pubeurope.com\/@at\/117170865700068714","error":""},"_links":{"self":[{"href":"https:\/\/www.europesays.com\/at\/wp-json\/wp\/v2\/posts\/360655","targetHints":{"allow":["GET"]}}],"collection":[{"href":"https:\/\/www.europesays.com\/at\/wp-json\/wp\/v2\/posts"}],"about":[{"href":"https:\/\/www.europesays.com\/at\/wp-json\/wp\/v2\/types\/post"}],"author":[{"embeddable":true,"href":"https:\/\/www.europesays.com\/at\/wp-json\/wp\/v2\/users\/2"}],"replies":[{"embeddable":true,"href":"https:\/\/www.europesays.com\/at\/wp-json\/wp\/v2\/comments?post=360655"}],"version-history":[{"count":0,"href":"https:\/\/www.europesays.com\/at\/wp-json\/wp\/v2\/posts\/360655\/revisions"}],"wp:featuredmedia":[{"embeddable":true,"href":"https:\/\/www.europesays.com\/at\/wp-json\/wp\/v2\/media\/360656"}],"wp:attachment":[{"href":"https:\/\/www.europesays.com\/at\/wp-json\/wp\/v2\/media?parent=360655"}],"wp:term":[{"taxonomy":"category","embeddable":true,"href":"https:\/\/www.europesays.com\/at\/wp-json\/wp\/v2\/categories?post=360655"},{"taxonomy":"post_tag","embeddable":true,"href":"https:\/\/www.europesays.com\/at\/wp-json\/wp\/v2\/tags?post=360655"}],"curies":[{"name":"wp","href":"https:\/\/api.w.org\/{rel}","templated":true}]}}