{"id":361101,"date":"2026-08-28T08:23:22","date_gmt":"2026-08-28T08:23:22","guid":{"rendered":"https:\/\/www.europesays.com\/at\/361101\/"},"modified":"2026-08-28T08:23:22","modified_gmt":"2026-08-28T08:23:22","slug":"grazer-buergermeisterin-kahr-wird-heute-wiedergewaehlt","status":"publish","type":"post","link":"https:\/\/www.europesays.com\/at\/361101\/","title":{"rendered":"Grazer B\u00fcrgermeisterin Kahr wird heute wiedergew\u00e4hlt"},"content":{"rendered":"<p><a href=\"https:\/\/www.kleinezeitung.at\/rubriken\/politik\" data-slot=\"base\" class=\"inline-flex items-center disabled:cursor-not-allowed aria-disabled:cursor-not-allowed disabled:opacity-75 aria-disabled:opacity-75 transition-colors rounded-lg px-2.5 py-1.5 text-sm text-muted hover:text-default active:text-default disabled:text-muted aria-disabled:text-muted outline-inverted\/25 focus-visible:outline-3 gap-0 font-bold uppercase tracking-widest truncate !p-0 !rounded-none select-none\" rel=\"nofollow noopener\" target=\"_blank\">Politik<\/a><\/p>\n<p class=\"klz-text-article-lead\">Am Donnerstag lief die konstituierende Sitzung des neuen Grazer Gemeinderats, bei der Elke Kahr (KP\u00d6) als B\u00fcrgermeisterin wiedergew\u00e4hlt wurde. Die Wahl der Vizeb\u00fcrgermeisterin musste wie erwartet auf den Freitag vertagt werden.<\/p>\n<p><img decoding=\"async\" src=\"https:\/\/www.europesays.com\/at\/wp-content\/uploads\/2026\/08\/22730394794731108_BLD_HiRes.jpg\" alt=\"Elke Kahr (KP\u00d6) ist wieder Grazer B\u00fcrgermeisterin: Landeshauptmann Mario Kunasek (FP\u00d6) nahm die Angelobung im Gemeinderats-Sitzungssaal vor\" loading=\"eager\" fetchpriority=\"high\"  class=\"w-full object-contain  rounded-2xl\"\/> \u00a9 APA \/ Erwin ScheriauElke Kahr (KP\u00d6) ist wieder Grazer B\u00fcrgermeisterin: Landeshauptmann Mario Kunasek (FP\u00d6) nahm die Angelobung im Gemeinderats-Sitzungssaal vor<img decoding=\"async\" src=\"https:\/\/www.europesays.com\/at\/wp-content\/uploads\/2026\/08\/1787905402_422_Hecke_Bernd_512.png\" alt=\"Bernd Hecke\" width=\"48\" height=\"48\" loading=\"lazy\" data-slot=\"image\" class=\"h-full w-full rounded-[inherit] object-cover\"\/><img decoding=\"async\" src=\"https:\/\/www.europesays.com\/at\/wp-content\/uploads\/2026\/08\/1787905402_422_Hecke_Bernd_512.png\" alt=\"Bernd Hecke\" width=\"48\" height=\"48\" loading=\"lazy\" data-slot=\"image\" class=\"h-full w-full rounded-[inherit] object-cover\"\/><\/p>\n<p>vor 23 Stunden27. August 2026 um 09:45<\/p>\n","protected":false},"excerpt":{"rendered":"Politik Am Donnerstag lief die konstituierende Sitzung des neuen Grazer Gemeinderats, bei der Elke Kahr (KP\u00d6) als B\u00fcrgermeisterin&hellip;\n","protected":false},"author":2,"featured_media":361102,"comment_status":"","ping_status":"","sticky":false,"template":"","format":"standard","meta":{"footnotes":"","_share_on_mastodon":"0"},"categories":[29],"tags":[46,42,549,408,5514,183,5541,411,44,88212],"class_list":["post-361101","post","type-post","status-publish","format-standard","has-post-thumbnail","category-graz","tag-at","tag-austria","tag-buergermeisterin","tag-elke-kahr","tag-gemeinderat","tag-graz","tag-koalition","tag-kpoe","tag-oesterreich","tag-vizebuergermeisterin"],"share_on_mastodon":{"url":"https:\/\/pubeurope.com\/@at\/117172175567863205","error":""},"_links":{"self":[{"href":"https:\/\/www.europesays.com\/at\/wp-json\/wp\/v2\/posts\/361101","targetHints":{"allow":["GET"]}}],"collection":[{"href":"https:\/\/www.europesays.com\/at\/wp-json\/wp\/v2\/posts"}],"about":[{"href":"https:\/\/www.europesays.com\/at\/wp-json\/wp\/v2\/types\/post"}],"author":[{"embeddable":true,"href":"https:\/\/www.europesays.com\/at\/wp-json\/wp\/v2\/users\/2"}],"replies":[{"embeddable":true,"href":"https:\/\/www.europesays.com\/at\/wp-json\/wp\/v2\/comments?post=361101"}],"version-history":[{"count":0,"href":"https:\/\/www.europesays.com\/at\/wp-json\/wp\/v2\/posts\/361101\/revisions"}],"wp:featuredmedia":[{"embeddable":true,"href":"https:\/\/www.europesays.com\/at\/wp-json\/wp\/v2\/media\/361102"}],"wp:attachment":[{"href":"https:\/\/www.europesays.com\/at\/wp-json\/wp\/v2\/media?parent=361101"}],"wp:term":[{"taxonomy":"category","embeddable":true,"href":"https:\/\/www.europesays.com\/at\/wp-json\/wp\/v2\/categories?post=361101"},{"taxonomy":"post_tag","embeddable":true,"href":"https:\/\/www.europesays.com\/at\/wp-json\/wp\/v2\/tags?post=361101"}],"curies":[{"name":"wp","href":"https:\/\/api.w.org\/{rel}","templated":true}]}}