{"id":361243,"date":"2026-08-28T10:31:10","date_gmt":"2026-08-28T10:31:10","guid":{"rendered":"https:\/\/www.europesays.com\/at\/361243\/"},"modified":"2026-08-28T10:31:10","modified_gmt":"2026-08-28T10:31:10","slug":"von-hornisse-gestochen-achtjaehriges-maedchen-rettet-seinem-papa-das-leben","status":"publish","type":"post","link":"https:\/\/www.europesays.com\/at\/361243\/","title":{"rendered":"Von Hornisse gestochen &#8211; Achtj\u00e4hriges M\u00e4dchen rettet seinem Papa das Leben"},"content":{"rendered":"<p>Zur\u00fcck zu Lilly. \u201eEin paar Minuten sp\u00e4ter, und es w\u00e4re aus mit mir gewesen\u201c, Josef Brunner ist das durchaus bewusst. Er kann sich bis dato nicht erkl\u00e4ren, warum sein K\u00f6rper derart auf das Hornissen-Gift reagiert hat. \u201eIch wurde schon \u00f6fter gestochen, ich bin Sportler. Ich laufe, fahre Rad.\u201c Doch an diesem Tag versagte sein Immunsystem. Blutdruck: 50\/30! \u201eIch verdanke meiner Tochter mein Leben\u201c, sagt Josef Brunner. \u201eDu glaubst gar nicht, wie schnell du bei der schwarzen Fahne bist.\u201c<\/p>\n","protected":false},"excerpt":{"rendered":"Zur\u00fcck zu Lilly. \u201eEin paar Minuten sp\u00e4ter, und es w\u00e4re aus mit mir gewesen\u201c, Josef Brunner ist das&hellip;\n","protected":false},"author":2,"featured_media":361244,"comment_status":"","ping_status":"","sticky":false,"template":"","format":"standard","meta":{"footnotes":"","_share_on_mastodon":"0"},"categories":[6],"tags":[46,42,90787,25604,70386,91254,44,43,45],"class_list":["post-361243","post","type-post","status-publish","format-standard","has-post-thumbnail","category-oesterreich","tag-at","tag-austria","tag-josef-brunner","tag-lilly","tag-lillys","tag-marie-jeanne-brunner","tag-oesterreich","tag-republic-of-austria","tag-republik-oesterreich"],"share_on_mastodon":{"url":"https:\/\/pubeurope.com\/@at\/117172678622352040","error":""},"_links":{"self":[{"href":"https:\/\/www.europesays.com\/at\/wp-json\/wp\/v2\/posts\/361243","targetHints":{"allow":["GET"]}}],"collection":[{"href":"https:\/\/www.europesays.com\/at\/wp-json\/wp\/v2\/posts"}],"about":[{"href":"https:\/\/www.europesays.com\/at\/wp-json\/wp\/v2\/types\/post"}],"author":[{"embeddable":true,"href":"https:\/\/www.europesays.com\/at\/wp-json\/wp\/v2\/users\/2"}],"replies":[{"embeddable":true,"href":"https:\/\/www.europesays.com\/at\/wp-json\/wp\/v2\/comments?post=361243"}],"version-history":[{"count":0,"href":"https:\/\/www.europesays.com\/at\/wp-json\/wp\/v2\/posts\/361243\/revisions"}],"wp:featuredmedia":[{"embeddable":true,"href":"https:\/\/www.europesays.com\/at\/wp-json\/wp\/v2\/media\/361244"}],"wp:attachment":[{"href":"https:\/\/www.europesays.com\/at\/wp-json\/wp\/v2\/media?parent=361243"}],"wp:term":[{"taxonomy":"category","embeddable":true,"href":"https:\/\/www.europesays.com\/at\/wp-json\/wp\/v2\/categories?post=361243"},{"taxonomy":"post_tag","embeddable":true,"href":"https:\/\/www.europesays.com\/at\/wp-json\/wp\/v2\/tags?post=361243"}],"curies":[{"name":"wp","href":"https:\/\/api.w.org\/{rel}","templated":true}]}}