{"id":361608,"date":"2026-08-28T14:25:15","date_gmt":"2026-08-28T14:25:15","guid":{"rendered":"https:\/\/www.europesays.com\/at\/361608\/"},"modified":"2026-08-28T14:25:15","modified_gmt":"2026-08-28T14:25:15","slug":"schwentner-als-grazer-vizebuergermeisterin-wiedergewaehlt","status":"publish","type":"post","link":"https:\/\/www.europesays.com\/at\/361608\/","title":{"rendered":"Schwentner als Grazer Vizeb\u00fcrgermeisterin wiedergew\u00e4hlt"},"content":{"rendered":"<p>Auch in Runde drei bei der Vizeb\u00fcrgermeister-Wahl blitzte die \u00d6VP mit ihrem Wahlvorschlag Kurt Hohensinner ab. Wie erwartet wurde Judith Schwentner (Gr\u00fcne) im vierten Wahldurchgang wiedergew\u00e4hlt.<\/p>\n<p class=\"klz-story-element-paragraph klz-text-copy\" data-testid=\"article-paragraph\">Nachsitzen hie\u00df es am Tag nach der konstituierenden Gemeinderatssitzung am Donnerstag, bei der Elke Kahr (KP\u00d6) erneut zur Grazer B\u00fcrgermeisterin gew\u00e4hlt worden war. Die Wahl des Vizeb\u00fcrgermeisters oder der Vizeb\u00fcrgermeisterin musste nach zwei Wahldurchg\u00e4ngen dem Statut gem\u00e4\u00df vertagt werden \u2013 die \u00d6VP hatte Kurt Hohensinner vorgeschlagen, der in beiden Durchg\u00e4ngen aber mit 23 von 48 Stimmen keine Mehrheit erhalten hatte.<\/p>\n<p class=\"klz-story-element-paragraph klz-text-copy\" data-testid=\"article-paragraph\">Das gleiche Spiel dann noch einmal am Freitagnachmittag: Erneut schlug Clubobfrau Anna Hopper Hohensinner vor \u2013 schlie\u00dflich liege man mit 25,3 Prozent mit deutlichem Abstand an zweiter Stelle. Erneut gab es 25 ung\u00fcltige Stimmen und wieder keine Mehrheit.<\/p>\n<p>Vierter Wahlgang<\/p>\n<p class=\"klz-story-element-paragraph klz-text-copy\" data-testid=\"article-paragraph\">Runde vier \u00f6ffnet das Vorschlagrecht dann f\u00fcr alle Parteien \u2013 die \u00d6VP schlug erneut Hohensinner vor, die Gr\u00fcnen Judith Schwentner. Denn: \u201eEs geht hier nicht nur um die Person, sondern um die Richtung der Stadt\u201c, so Gr\u00fcnen-Klubchefin Anna Slama in ihrer Rede. Die Koalition sei auch ein tiefes Bekenntnis zu einer Stadt, die niemanden zur\u00fcckl\u00e4sst. In herausfordernden Zeiten wie diesen sei Stabilit\u00e4t das wichtigste Fundament. Und: \u201eWenn wir \u00fcber die letzten Jahre sprechen, m\u00fcssen wir \u00fcber die Kraft der Zusammenarbeit sprechen, unaufgeregtes gemeinsames Anpacken.\u201c KP\u00d6-Klubchefin Sahar Mohsenzada lobte anschlie\u00dfend die Handschlagqualit\u00e4t Schwentners. Beide Koalitionsparteien h\u00e4tten viele Unterschiede, doch die Zusammenarbeit funktioniere gut: \u201eWir haben eine gemeinsame Vorstellung davon, in welche Richtung sich Graz entwickeln soll.\u201c<\/p>\n<p><img decoding=\"async\" src=\"https:\/\/www.europesays.com\/at\/wp-content\/uploads\/2026\/08\/Gemeinderat_Pajman_68.jpg\" alt=\"Kurt Hohensinner wurde vier Mal vorgeschlagen, wurde aber nicht zum Grazer Vizeb\u00fcrgermeister gew\u00e4hlt\" loading=\"lazy\" fetchpriority=\"low\"  class=\"inline-block max-h-[600px] max-w-full h-auto w-auto object-contain\"\/> \u00a9 Klz \/ Stefan PajmanKurt Hohensinner wurde vier Mal vorgeschlagen, wurde aber nicht zum Grazer Vizeb\u00fcrgermeister gew\u00e4hlt<\/p>\n<p class=\"klz-story-element-paragraph klz-text-copy\" data-testid=\"article-paragraph\">Gegen 15.45 Uhr, eine Dreiviertelstunde nach Beginn der Sitzung, konnte Kahr dann das Ergebnis der Ausz\u00e4hlung verk\u00fcnden. Es sei kein weiterer f\u00fcnfter Wahlgang notwendig: 48 Stimmen wurden abgegeben, davon eine ung\u00fcltig, 27 f\u00fcr Schwentner und 20 f\u00fcr Hohensinner. Judith Schwentner ist somit erneut Vizeb\u00fcrgermeisterin der Stadt Graz. Auch sie wurde wie Kahr von Landeshauptmann Mario Kunasek (FP\u00d6) angelobt.<\/p>\n<p class=\"klz-story-element-paragraph klz-text-copy\" data-testid=\"article-paragraph\">Bei aller politischen Unterschiedlichkeit k\u00f6nne man nur gemeinsam an einer Stadt arbeiten, die auf Zusammenhalt schaut und auf die Herausforderungen des Klimawandels reagiert, so Schwentner in ihrer Rede: \u201eWenn wir diese Stadt gemeinsam mit den Besten weiterentwickeln, dann schaffen wir die Basis f\u00fcr eine solidarische Gesellschaft und f\u00fcr ein besseres Graz.\u201c<\/p>\n<p><img decoding=\"async\" src=\"https:\/\/www.europesays.com\/at\/wp-content\/uploads\/2026\/08\/1787927115_547_22730394794730566_BLD_HiRes.jpg\" alt=\"Die neue Grazer Stadtregierung: Stadtrat Manfred Eber (KP\u00d6), Stadtrat Rene Apfelknab (FP\u00d6), Vizeb\u00fcrgermeisterin Judith Schwentner (Die Gr\u00fcnen), B\u00fcrgermeisterin Elke Kahr (KP\u00d6), Stadtrat Kurt Hohensinner (\u00d6VP), Stadtrat Robert Krotzer (KP\u00d6) und Stadtr\u00e4tin Claudia Unger (\u00d6VP) \" loading=\"lazy\" fetchpriority=\"low\"  class=\"inline-block max-h-[600px] max-w-full h-auto w-auto object-contain\"\/> \u00a9 APA \/ Erwin ScheriauDie neue Grazer Stadtregierung: Stadtrat Manfred Eber (KP\u00d6), Stadtrat Rene Apfelknab (FP\u00d6), Vizeb\u00fcrgermeisterin Judith Schwentner (Die Gr\u00fcnen), B\u00fcrgermeisterin Elke Kahr (KP\u00d6), Stadtrat Kurt Hohensinner (\u00d6VP), Stadtrat Robert Krotzer (KP\u00d6) und Stadtr\u00e4tin Claudia Unger (\u00d6VP) Stadtr\u00e4te gew\u00e4hlt<\/p>\n<p class=\"klz-story-element-paragraph klz-text-copy\" data-testid=\"article-paragraph\">Zum Abschluss wurden noch die Stadtr\u00e4te gew\u00e4hlt: Robert Krotzer (KP\u00d6) mehrheitlich zum Stadtrat f\u00fcr Gesundheit und Pflege, Integration und (neu) die Bibliotheken, Manfred Eber (KP\u00d6) mehrheitlich zum Stadtrat f\u00fcr Finanzen und (neu) Marktwesen \u2013 bei beiden KP\u00d6-Politikern stimmte die FP\u00d6 dagegen. Einstimmig wurden Kurt Hohensinner (\u00d6VP) zum Stadtrat f\u00fcr Bildung, Jugend\/Familie und Sport gew\u00e4hlt, Claudia Unger (\u00d6VP) zur Stadtr\u00e4tin f\u00fcr Kultur. Der Neue im Stadtsenat, Ren\u00e9 Apfelknab (FP\u00d6), wurde mit drei Gegenstimmen zum neuen Wirtschaftsstadtrat gew\u00e4hlt \u2013 auch mit den Stimmen der \u00d6VP, die lautstark gegen den Verlust ihrer Kernkompetenz, der Wirtschaft, protestiert hatte. Der Ressorteinteilung, \u00fcber die anschlie\u00dfend auch noch abgestimmt wurde, stimmte die \u00d6VP aber nicht zu: \u201eWir werden aber nicht beleidigt im Eckerl stehen, sondern uns weiterhin f\u00fcr die Wirtschaft einsetzen\u201c, sagte VP-Gesch\u00e4ftsf\u00fchrer Markus Huber.<\/p>\n","protected":false},"excerpt":{"rendered":"Auch in Runde drei bei der Vizeb\u00fcrgermeister-Wahl blitzte die \u00d6VP mit ihrem Wahlvorschlag Kurt Hohensinner ab. Wie erwartet&hellip;\n","protected":false},"author":2,"featured_media":361609,"comment_status":"","ping_status":"","sticky":false,"template":"","format":"standard","meta":{"footnotes":"","_share_on_mastodon":"0"},"categories":[29],"tags":[46,42,183,5814,411,44,413,88212],"class_list":["post-361608","post","type-post","status-publish","format-standard","has-post-thumbnail","category-graz","tag-at","tag-austria","tag-graz","tag-judith-schwentner","tag-kpoe","tag-oesterreich","tag-oevp","tag-vizebuergermeisterin"],"share_on_mastodon":{"url":"https:\/\/pubeurope.com\/@at\/117173599189790061","error":""},"_links":{"self":[{"href":"https:\/\/www.europesays.com\/at\/wp-json\/wp\/v2\/posts\/361608","targetHints":{"allow":["GET"]}}],"collection":[{"href":"https:\/\/www.europesays.com\/at\/wp-json\/wp\/v2\/posts"}],"about":[{"href":"https:\/\/www.europesays.com\/at\/wp-json\/wp\/v2\/types\/post"}],"author":[{"embeddable":true,"href":"https:\/\/www.europesays.com\/at\/wp-json\/wp\/v2\/users\/2"}],"replies":[{"embeddable":true,"href":"https:\/\/www.europesays.com\/at\/wp-json\/wp\/v2\/comments?post=361608"}],"version-history":[{"count":0,"href":"https:\/\/www.europesays.com\/at\/wp-json\/wp\/v2\/posts\/361608\/revisions"}],"wp:featuredmedia":[{"embeddable":true,"href":"https:\/\/www.europesays.com\/at\/wp-json\/wp\/v2\/media\/361609"}],"wp:attachment":[{"href":"https:\/\/www.europesays.com\/at\/wp-json\/wp\/v2\/media?parent=361608"}],"wp:term":[{"taxonomy":"category","embeddable":true,"href":"https:\/\/www.europesays.com\/at\/wp-json\/wp\/v2\/categories?post=361608"},{"taxonomy":"post_tag","embeddable":true,"href":"https:\/\/www.europesays.com\/at\/wp-json\/wp\/v2\/tags?post=361608"}],"curies":[{"name":"wp","href":"https:\/\/api.w.org\/{rel}","templated":true}]}}