{"id":361640,"date":"2026-08-28T14:41:25","date_gmt":"2026-08-28T14:41:25","guid":{"rendered":"https:\/\/www.europesays.com\/at\/361640\/"},"modified":"2026-08-28T14:41:25","modified_gmt":"2026-08-28T14:41:25","slug":"land-tirol-unterstuetzt-zwei-forschungsprojekte-grosszuegig","status":"publish","type":"post","link":"https:\/\/www.europesays.com\/at\/361640\/","title":{"rendered":"Land Tirol unterst\u00fctzt zwei Forschungsprojekte gro\u00dfz\u00fcgig"},"content":{"rendered":"<p>Das Land Tirol unterst\u00fctzt zwei vom FWF als \u201eexzellent\u201c bewertete Forschungsprojekte an der Medizinischen Universit\u00e4t Innsbruck und der Universit\u00e4t Innsbruck mit knapp 495.000 Euro. Im Mittelpunkt stehen neue Ans\u00e4tze in der Krebsforschung und der Einsatz K\u00fcnstlicher Intelligenz im Ingenieurswesen.<\/p>\n<p>            \t\t\t\t                <img decoding=\"async\" src=\"https:\/\/www.europesays.com\/at\/wp-content\/uploads\/2026\/08\/fernandozhiminaicela-bei-pixabay.jpg\" itemprop=\"contentUrl\"\/><\/p>\n<p>Die Forschung kann auf die Unterst\u00fctzung des Landes z\u00e4hlen (Quelle: fernandozhiminaicela bei pixabay)<\/p>\n<p>An der Medizinischen Universit\u00e4t Innsbruck untersuchen Forschende die sogenannte chromosomale Instabilit\u00e4t bei Krebs. Mithilfe gro\u00dfer Datenmengen soll herausgefunden werden, warum bestimmte Tumorzellen trotz genetischer Ver\u00e4nderungen \u00fcberleben und welche Schwachstellen sie aufweisen. Langfristig k\u00f6nnten daraus gezieltere Therapieans\u00e4tze entstehen.<\/p>\n<p>Das zweite Projekt am Institut f\u00fcr Mechatronik der Universit\u00e4t Innsbruck besch\u00e4ftigt sich mit dem Einsatz von KI in technischen Anwendungen. In virtuellen Laboren sollen KI-Modelle komplexe Aufgaben im Ingenieurswesen bearbeiten, Experimente planen und Ergebnisse auswerten. Dadurch k\u00f6nnten Entwicklungszeiten und Kosten reduziert sowie technische L\u00f6sungen sicherer getestet werden. Auch f\u00fcr die Ausbildung sollen die Simulationen eingesetzt werden. Beide Projekte werden \u00fcber das Programm \u201eMatching Funds\u201c gemeinsam von Bund und Land Tirol finanziert. Wissenschaftslandesr\u00e4tin Cornelia Hagele sieht darin eine wichtige St\u00e4rkung des Forschungs- und Wissenschaftsstandorts Tirol.<\/p>\n<p>Andreas Raffeiner<\/p>\n<p>Jetzt<\/p>\n<p>,<\/p>\n<p> oder <\/p>\n<p>                oder mit <a href=\"whatsapp:\/\/send?text=Neueste Nachricht auf unsertirol24.com: Land Tirol unterst\u00fctzt zwei Forschungsprojekte gro\u00dfz\u00fcgig https:\/\/www.unsertirol24.com\/2026\/08\/28\/land-tirol-unterstuetzt-zwei-forschungsprojekte-grosszuegig\/\" data-action=\"share\/whatsapp\/share\" rel=\"nofollow\"><img decoding=\"async\" src=\"https:\/\/www.europesays.com\/at\/wp-content\/uploads\/2026\/08\/whatsapp.png\"\/><\/a> versenden.<\/p>\n<p>\t\t\t\t<a href=\"https:\/\/www.instagram.com\/unsertirol24\/\" target=\"_blank\" rel=\"nofollow noopener\"><img decoding=\"async\" src=\"https:\/\/www.europesays.com\/at\/wp-content\/uploads\/2026\/08\/insta_636.gif\" class=\"social_ad\"\/><img decoding=\"async\" src=\"https:\/\/www.europesays.com\/at\/wp-content\/uploads\/2026\/08\/insta_320.gif\" class=\"social_ad_mobile\"\/><\/a><\/p>\n<p>        <script async src=\"\/\/www.instagram.com\/embed.js\"><\/script><\/p>\n","protected":false},"excerpt":{"rendered":"Das Land Tirol unterst\u00fctzt zwei vom FWF als \u201eexzellent\u201c bewertete Forschungsprojekte an der Medizinischen Universit\u00e4t Innsbruck und der&hellip;\n","protected":false},"author":2,"featured_media":361641,"comment_status":"","ping_status":"","sticky":false,"template":"","format":"standard","meta":{"footnotes":"","_share_on_mastodon":"0"},"categories":[32],"tags":[46,42,268,274,270,193,272,275,40,265,44,266,269,271,109,264,263,267,273,66],"class_list":["post-361640","post","type-post","status-publish","format-standard","has-post-thumbnail","category-innsbruck","tag-at","tag-austria","tag-chronik","tag-diskussion","tag-gesellschaft","tag-innsbruck","tag-mediengeschehen","tag-meinung","tag-nachrichten","tag-nordtirol","tag-oesterreich","tag-osttirol","tag-politik","tag-presseklick","tag-sport","tag-suedtirol","tag-unsertirol24","tag-ut24","tag-ut24-blog","tag-welt"],"share_on_mastodon":{"url":"https:\/\/pubeurope.com\/@at\/117173662390299753","error":""},"_links":{"self":[{"href":"https:\/\/www.europesays.com\/at\/wp-json\/wp\/v2\/posts\/361640","targetHints":{"allow":["GET"]}}],"collection":[{"href":"https:\/\/www.europesays.com\/at\/wp-json\/wp\/v2\/posts"}],"about":[{"href":"https:\/\/www.europesays.com\/at\/wp-json\/wp\/v2\/types\/post"}],"author":[{"embeddable":true,"href":"https:\/\/www.europesays.com\/at\/wp-json\/wp\/v2\/users\/2"}],"replies":[{"embeddable":true,"href":"https:\/\/www.europesays.com\/at\/wp-json\/wp\/v2\/comments?post=361640"}],"version-history":[{"count":0,"href":"https:\/\/www.europesays.com\/at\/wp-json\/wp\/v2\/posts\/361640\/revisions"}],"wp:featuredmedia":[{"embeddable":true,"href":"https:\/\/www.europesays.com\/at\/wp-json\/wp\/v2\/media\/361641"}],"wp:attachment":[{"href":"https:\/\/www.europesays.com\/at\/wp-json\/wp\/v2\/media?parent=361640"}],"wp:term":[{"taxonomy":"category","embeddable":true,"href":"https:\/\/www.europesays.com\/at\/wp-json\/wp\/v2\/categories?post=361640"},{"taxonomy":"post_tag","embeddable":true,"href":"https:\/\/www.europesays.com\/at\/wp-json\/wp\/v2\/tags?post=361640"}],"curies":[{"name":"wp","href":"https:\/\/api.w.org\/{rel}","templated":true}]}}