{"id":361658,"date":"2026-08-28T14:51:19","date_gmt":"2026-08-28T14:51:19","guid":{"rendered":"https:\/\/www.europesays.com\/at\/361658\/"},"modified":"2026-08-28T14:51:19","modified_gmt":"2026-08-28T14:51:19","slug":"38-jahrestag-der-flugtagkatastrophe-von-ramstein","status":"publish","type":"post","link":"https:\/\/www.europesays.com\/at\/361658\/","title":{"rendered":"38. Jahrestag der Flugtagkatastrophe von Ramstein"},"content":{"rendered":"<p>Ramstein. Dieser Name ist zum Synonym f\u00fcr Flugschau-Ungl\u00fccke geworden. Am <a href=\"https:\/\/www.austrianwings.info\/2018\/08\/ramstein-1988-tod-aus-heiterem-himmel\/\" target=\"_blank\" rel=\"nofollow noopener\">28. August 1988 kollidierten bei der letzten Flugvorf\u00fchrung drei Jets der Frecce Tricolori<\/a>. Eine der Maschinen st\u00fcrzte ins Publikum und m\u00e4hte die Menschen nieder wie eine riesige brennende Sense. Nach dieser Katastrophe folgte eine weitere Katastrophe als das US-Milit\u00e4r mit der Versorgung der hunderten Verletzten v\u00f6llig \u00fcberfordert war und teilweise deutsche Einsatzkr\u00e4fte daran hinderte, professionelle Hilfe zu leisten. Am Ende standen mindestens 70 Todesopfer und hunderte k\u00f6rperlich und psychisch traumatisierte Opfer, von denen eine Teil bis heute leidet. Aus Anlass des bevorstehenden 38. Jahrestages zeigte die ARD vorgestern einen <a href=\"https:\/\/www.austrianwings.info\/2026\/08\/tv-tipp-heute-2015-uhr-ramstein-das-durchstossene-herz\/\" target=\"_blank\" rel=\"nofollow noopener\">dokumentarischen Spielfilm zum Thema<\/a>.<\/p>\n<p><img decoding=\"async\" class=\"img-responsive\" src=\"https:\/\/www.europesays.com\/at\/wp-content\/uploads\/2026\/08\/Frecce_Tricolori_nach_Kollision_Ramstein_Flugtag_1988_Foto_Polizei_ZVg_Jatzko.jpg\" alt=\"\" title=\"\"\/>Was als deutsch-amerikanisches Volksfest begann, endete in einer Katastrophe &#8211; Foto: ZVg Archiv Jatzo.de (wir bedanken uns herzlich)<\/p>\n<p>Die letzte gro\u00dfe offizielle Gedenkveranstaltung unter Beteiligung von Politik und Geistlichkeit fand zum 35. Jahrestag statt (siehe auch das <a href=\"https:\/\/shop.falter.at\/detail\/9783758499692\/als-der-tod-vom-himmel-stuerzte\" target=\"_blank\" rel=\"noreferrer nofollow noopener\">Buch &#8222;Als der Tod vom Himmel st\u00fcrzte &#8211; die Flugtagkatastrophe von Ramstein<\/a>&#8220; des Autors <a href=\"https:\/\/www.der-rasende-reporter.info\" target=\"_blank\" rel=\"noreferrer nofollow noopener\">Patrick Huber<\/a>). Seither treffen sich Angeh\u00f6rige und \u00dcberlebende, aber auch Helfer von damals, regelm\u00e4\u00dfig im kleinen Rahmen am Gedenkstein nahe der Air Base. Das werden sie auch heute wieder tun, um ihrer Lieben zu gedenken, deren Schicksale nicht in Vergessenheit geraten sollen.<\/p>\n<p>Der \u00dcberlebende und Zeitzeuge <a href=\"http:\/\/www.ramstein-1988.de\" target=\"_blank\" rel=\"noreferrer nofollow noopener\">Roland Fuchs hat seine bewegende Geschichte im Internet auf einer eigenen Homepage<\/a> niedergeschrieben. Auf diese Art und Weise gedenkt er seiner damals ums Leben gekommenen Frau Carmen und seiner kleinen Tochter Nadine. Er unterst\u00fctzte auch das oberhalb erw\u00e4hnte Sachbuch, in dem die Vers\u00e4umnisse der US-Milit\u00e4rs und der deutschen Politik schonungslos aufgezeigt werden.<\/p>\n<p>Das Thema &#8222;Flugtagungl\u00fcck von Ramstein&#8220; bewegt die deutsche \u00d6ffentlichkeit bis heute. Im heurigen Fr\u00fchjahr erschien ein <a href=\"https:\/\/www.austrianwings.info\/2026\/03\/tipp-neuer-videopodcast-ueber-das-flugtagunglueck-von-ramstein\/\" target=\"_blank\" rel=\"nofollow noopener\">Videobeitrag vom deutschen Podcaster Felix Martin<\/a>, in dem dieser unter anderem den <a href=\"http:\/\/www.ramstein-1988.de\/\" target=\"_blank\" rel=\"noreferrer nofollow noopener\">Zeitzeugen Roland Fuchs<\/a> interviewt.<\/p>\n<p>Seitens einiger Ramstein-\u00dcberlebender und ihrer Unterst\u00fctzer hatte es im Vorfeld Kritik daran gegeben, dass die Feierlichkeiten anl\u00e4sslich 100 Jahre Flugplatz Altenrhein genau heute, am Jahrestag der Ramstein-Katastrophe, beginnen.<\/p>\n<p>(red FE, HI)<\/p>\n","protected":false},"excerpt":{"rendered":"Ramstein. Dieser Name ist zum Synonym f\u00fcr Flugschau-Ungl\u00fccke geworden. Am 28. August 1988 kollidierten bei der letzten Flugvorf\u00fchrung&hellip;\n","protected":false},"author":2,"featured_media":361659,"comment_status":"","ping_status":"","sticky":false,"template":"","format":"standard","meta":{"footnotes":"","_share_on_mastodon":"0"},"categories":[22],"tags":[46,42,147,1631,1634,1636,1619,1621,1638,1622,1632,1633,1637,1626,1623,605,1635,44,1630,1629,1620,1625,1628,1627,1624,148],"class_list":["post-361658","post","type-post","status-publish","format-standard","has-post-thumbnail","category-unterhaltung","tag-at","tag-austria","tag-entertainment","tag-fachjournalismus","tag-fachmagazin-zum-thema-luftfahrt","tag-fachmedium","tag-fliegen","tag-flugverkehr","tag-flugzeitschrift","tag-luftfahrt","tag-luftfahrtjournalismus","tag-luftfahrtmagazin","tag-luftfahrtmedium","tag-luftfahrtvideos","tag-luftverkehr","tag-magazin","tag-medium","tag-oesterreich","tag-planespotter-journalismus","tag-planespotting","tag-reisen","tag-reportagen","tag-spotten","tag-spotter","tag-tourismus","tag-unterhaltung"],"share_on_mastodon":{"url":"https:\/\/pubeurope.com\/@at\/117173701171299952","error":""},"_links":{"self":[{"href":"https:\/\/www.europesays.com\/at\/wp-json\/wp\/v2\/posts\/361658","targetHints":{"allow":["GET"]}}],"collection":[{"href":"https:\/\/www.europesays.com\/at\/wp-json\/wp\/v2\/posts"}],"about":[{"href":"https:\/\/www.europesays.com\/at\/wp-json\/wp\/v2\/types\/post"}],"author":[{"embeddable":true,"href":"https:\/\/www.europesays.com\/at\/wp-json\/wp\/v2\/users\/2"}],"replies":[{"embeddable":true,"href":"https:\/\/www.europesays.com\/at\/wp-json\/wp\/v2\/comments?post=361658"}],"version-history":[{"count":0,"href":"https:\/\/www.europesays.com\/at\/wp-json\/wp\/v2\/posts\/361658\/revisions"}],"wp:featuredmedia":[{"embeddable":true,"href":"https:\/\/www.europesays.com\/at\/wp-json\/wp\/v2\/media\/361659"}],"wp:attachment":[{"href":"https:\/\/www.europesays.com\/at\/wp-json\/wp\/v2\/media?parent=361658"}],"wp:term":[{"taxonomy":"category","embeddable":true,"href":"https:\/\/www.europesays.com\/at\/wp-json\/wp\/v2\/categories?post=361658"},{"taxonomy":"post_tag","embeddable":true,"href":"https:\/\/www.europesays.com\/at\/wp-json\/wp\/v2\/tags?post=361658"}],"curies":[{"name":"wp","href":"https:\/\/api.w.org\/{rel}","templated":true}]}}