{"id":361734,"date":"2026-08-28T15:34:12","date_gmt":"2026-08-28T15:34:12","guid":{"rendered":"https:\/\/www.europesays.com\/at\/361734\/"},"modified":"2026-08-28T15:34:12","modified_gmt":"2026-08-28T15:34:12","slug":"europa-league-auf-diesen-gegner-freut-sich-fc-salzburg-coach-roehl-besonders","status":"publish","type":"post","link":"https:\/\/www.europesays.com\/at\/361734\/","title":{"rendered":"Europa League: Auf diesen Gegner freut sich FC Salzburg-Coach R\u00f6hl besonders"},"content":{"rendered":"<p> <img decoding=\"async\" src=\"https:\/\/www.europesays.com\/at\/wp-content\/uploads\/2026\/08\/1787931250_509_europa-league.png\" alt=\"\"\/><br \/>\n <img decoding=\"async\" src=\"https:\/\/www.europesays.com\/at\/wp-content\/uploads\/2026\/08\/1787931251_588_at-salzburg-fc.png\" alt=\"\"\/> <\/p>\n<p>Am heutigen Freitag fand im Grimaldi Forum im F\u00fcrstentum Monaco die Auslosung f\u00fcr die UEFA-Europa-League-Ligaphase statt, <a href=\"https:\/\/www.ligaportal.at\/international\/europa-league\/93377-das-sind-die-europa-league-gegner-des-sk-sturm-graz-und-fc-salzburg\" rel=\"nofollow noopener\" target=\"_blank\">Ligaportal berichtete<\/a>. Dabei wird der <a href=\"https:\/\/ticker.ligaportal.at\/mannschaft\/1729\/red-bull-salzburg\" rel=\"nofollow noopener\" target=\"_blank\">FC Salzburg<\/a> auf folgende Gegner treffen: AC Milan, Bayer 04 Leverkusen, Sparta Prag, RSC Anderlecht, Crystal Palace, NK Celje, Ararat-Armenia und Levski Sofia. Auf einen Gegner freut sich\u00a0Danny R\u00f6hl, der deutsche Cheftrainer der Roten Bullen, besonders.<\/p>\n<p><img decoding=\"async\" src=\"https:\/\/www.europesays.com\/at\/wp-content\/uploads\/2026\/08\/roehl-danny-fc-salzburg-trainer-vs-mjaellby-27-08-26-rbs-getty-pumann.jpg\" alt=\"\"\/><\/p>\n<p>Erfolgreicher Start f\u00fcr den 37-j\u00e4hrigen Deutschen Danny R\u00f6hl als Neo-Cheftrainer des FC Salzburg. Als einziges \u00f6sterreichisches BL-Team sind die Roten Bullen bewerbs\u00fcbergreifend noch ohne Saison-Niederlage (inkl. Verl\u00e4ngerung). Sechs Siege und zwei Remis stehen aus den acht Spielen in Europa-League-Qualifikation, Bundesliga und \u00d6FB-Cup zu Buche.<\/p>\n<p>Heimspiele gegen AC Milan und Conference-League-Sieger Crystal Palace<\/p>\n<p>Der\u00a0FC Salzburg, der nunmehr in den letzten\u00a014 Saisonen\u00a0(inklusive 2026\/27) gleich\u00a013 Mal in einer Gruppen- oder Ligaphase der UEFA Champions League (6 Teilnahmen) bzw. UEFA Europa League (7) mit dabei war, spielt auch in der Saison 2026\/27 wieder auf internationaler B\u00fchne mit.<\/p>\n<p>Zur aktuellen Teilnahme wurden den Roten Bullen (aus Topf 2) bei der heute im\u00a0Grimaldi Forum\u00a0in Monaco durchgef\u00fchrten Auslosung zur Ligaphase der UEFA Europa League, bei der seitens des Klubs\u00a0Marcus Mann, Gesch\u00e4ftsf\u00fchrer Sport, mit dabei war, folgende Teams als Gegner zugelost:<\/p>\n<p>FC Red Bull Salzburg \u2013 AC Milan (ITA\/Topf 1)<\/p>\n<p>FC Red Bull Salzburg \u2013 Sparta Prag (CZE\/Topf 2)<\/p>\n<p>FC Red Bull Salzburg \u2013 Crystal Palace (ENG\/Topf 3)<\/p>\n<p>FC Red Bull Salzburg \u2013 Arat-Armenia (ARM\/Topf 4)<\/p>\n<p>Bayer 04 Leverkusen (GER\/Topf 1) \u2013 FC Red Bull Salzburg<\/p>\n<p>RSC Anderlecht (BEL\/Topf 2) \u2013 FC Red Bull Salzburg<\/p>\n<p>NK Celje (SLO\/Topf 3) \u2013 FC Red Bull Salzburg<\/p>\n<p>Levski Sofia (BUL\/Topf 4) \u2013 FC Red Bull Salzburg<\/p>\n<p><img decoding=\"async\" src=\"https:\/\/www.europesays.com\/at\/wp-content\/uploads\/2026\/08\/fc-salzburg-siegjubel-vs-mjaellby-27-08-26-rbs-getty-pumann.jpg\" alt=\"\"\/><\/p>\n<p>\u201eBesonders freue ich mich auch auf Bayer Leverkusen, da ich ja schon ein Kind der deutschen Bundesliga bin&#8220;<\/p>\n<p>FC Salzburg-Cheftrainer Danny R\u00f6hl:<\/p>\n<p>\u201eWir gehen mit gro\u00dfer Vorfreude in diese interessanten Spiele, die da kommen. Vor allem mit dem AC Milan und Crystal Palace sowie auch Sparta Prag stehen uns gro\u00dfe Aufgaben bevor. <\/p>\n<p>Besonders freue ich mich auch auf Bayer Leverkusen, da ich ja schon ein Kind der deutschen Bundesliga bin. Ich glaube, wir haben insgesamt eine gute Mischung aus interessanten Gegnern mit unterschiedlichen Schwierigkeitsgraden bekommen, auf die wir uns alle freuen.\u201c<\/p>\n<p>\u201eIch pers\u00f6nlich fiebere ganz besonders der Milan-Partie entgegen&#8220;<\/p>\n<p>FC Salzburg-St\u00fcrmer Haris\u00a0Tabakovi\u0107:<\/p>\n<p>\u201eDie Vorfreude ist gro\u00df, weil wir definitiv coole Spiele vor der Brust haben, in denen wir alles geben, die wir aber auch genie\u00dfen werden. Ich pers\u00f6nlich fiebere ganz besonders der Milan-Partie entgegen, weil ich in meiner Karriere, so glaube ich, noch nie gegen ein italienisches Top-Team gespielt habe. <\/p>\n<p>Au\u00dferdem hat unsere Gruppe viel Qualit\u00e4t, denn mit Milan, Prag und Leverkusen treffen wir auf drei Teams, gegen die der FC Red Bull Salzburg vor nicht allzu langer Zeit schon in der Champions League gespielt hat.\u201c<\/p>\n<p>Spieltermine<\/p>\n<p>Die exakten\u00a0Spieltermine und -zeiten\u00a0des Bewerbs, dessen Finale am 26. Mai 2027 in Frankfurt ausgetragen wird, werden von der\u00a0UEFA\u00a0bis\u00a0sp\u00e4testens Sonntag\u00a0ver\u00f6ffentlicht.<\/p>\n<p>1. Spieltag: 16.\/17. September 2026<\/p>\n<p>2. Spieltag: 15. Oktober 2026<\/p>\n<p>3. Spieltag: 22. Oktober 2026<\/p>\n<p>4. Spieltag: 05. November 2026<\/p>\n<p>5. Spieltag: 26. November 2026<\/p>\n<p>6. Spieltag: 10. Dezember 2026<\/p>\n<p>7. Spieltag: 21. Januar 2027<\/p>\n<p>8. Spieltag: 28. Januar 2027<\/p>\n<p>Europe awaits: Pr\u00e4sentation der internationalen Trikots 2026\/27<\/p>\n<p>Passend zur heutigen Auslosung hat der FC Salzburg auch schon die\u00a0neuen internationalen Dressen\u00a0pr\u00e4sentiert, die ab sofort im Bullshop erh\u00e4ltlich sind.<\/p>\n<p>Diese von\u00a0Premium Partner PUMA\u00a0kreierten Trikots repr\u00e4sentieren die Berge rund um Salzburg, die die Stadt pr\u00e4gen. Heute pr\u00e4gt eine neue Generation von Talenten das Spiel von morgen. Dieses Trikot steht f\u00fcr beide Kr\u00e4fte \u2013 f\u00fcr Herkunft und Zukunft! Mehr unter<a href=\"https:\/\/5f0c6aec8f9a45f3a6ae0e4a9fbfa228.106.eu.prod.marketingusercontent.com\/api\/orgs\/5f0c6aec-8f9a-45f3-a6ae-0e4a9fbfa228\/r\/18wMBY5z2USCO7HeLpQAAAEAAAA?msdynmkt_target=%7B%22TargetUrl%22%3A%22https%253A%252F%252Fwww.redbullsalzburg.at%252Fde%252Faktuelles%252Fbullshop%252Finternationales-trikot-2026-27%22%2C%22RedirectOptions%22%3A%7B%221%22%3Anull%2C%222%22%3A%7B%22utm_source%22%3A%22Dynamics%20365%20Customer%20Insights%20-%20Journeys%22%2C%22utm_medium%22%3A%22email%22%2C%22utm_term%22%3A%22N%2FA%22%2C%22utm_campaign%22%3A%22UEL-Gegner%20der%20Roten%20Bullen%22%2C%22utm_content%22%3A%22MI%3A%20UEL-Auslosung%22%7D%7D%7D&amp;msdynmkt_digest=Wn0Qt1hxlm5ErFE4Om3ylQnbk8lPFbrr%2BKiD8LJyvDk%3D&amp;msdynmkt_secretVersion=7bb221762d0c46939816d3a5592b1359\" target=\"_blank\" rel=\"noopener nofollow\">\u00a0diesem Link.<\/a><\/p>\n<p>Zuerst Termine, dann Ticketinfos<\/p>\n<p>Details zum\u00a0Ticketvorverkauf\u00a0folgen, nachdem die UEFA die exakten\u00a0Spieltermine\u00a0fixiert hat.<\/p>\n<p>Siehe auch:<\/p>\n<p class=\"mt-0 mb-1 text-darkblue\" itemprop=\"headline\"><a class=\"text-darkblue\" href=\"https:\/\/www.ligaportal.at\/international\/europa-league\/93391-europa-league-sk-sturm-graz-trifft-auf-ilzer-fc-salzburg-fordert-ac-milan-heraus\" rel=\"nofollow noopener\" target=\"_blank\">Europa League: SK Sturm Graz trifft auf Ilzer, FC Salzburg fordert AC Milan heraus<\/a><\/p>\n<p lang=\"de\" dir=\"ltr\">Unsere Gegner in der UEFA Europa League 2026\/27 \ud83d\udccb <a href=\"https:\/\/t.co\/BRZh1m505Q\" rel=\"nofollow\">pic.twitter.com\/BRZh1m505Q<\/a><\/p>\n<p>\u2014 FC Red Bull Salzburg (@RedBullSalzburg) <a href=\"https:\/\/x.com\/RedBullSalzburg\/status\/2093299028565922204?ref_src=twsrc%5Etfw\" rel=\"nofollow\">August 28, 2026<\/a> <\/p>\n<p>Fotocredit: RBS by Getty<\/p>\n<p>\t<script async src=\"https:\/\/platform.twitter.com\/widgets.js\" charset=\"utf-8\"><\/script><\/p>\n","protected":false},"excerpt":{"rendered":"Am heutigen Freitag fand im Grimaldi Forum im F\u00fcrstentum Monaco die Auslosung f\u00fcr die UEFA-Europa-League-Ligaphase statt, Ligaportal berichtete.&hellip;\n","protected":false},"author":2,"featured_media":361735,"comment_status":"","ping_status":"","sticky":false,"template":"","format":"standard","meta":{"footnotes":"","_share_on_mastodon":"0"},"categories":[3],"tags":[13511,61128,76,75,671,74,4939],"class_list":["post-361734","post","type-post","status-publish","format-standard","has-post-thumbnail","category-europa","tag-ac-milan","tag-danny-roehl","tag-eu","tag-europa","tag-europa-league","tag-europe","tag-fc-salzburg"],"share_on_mastodon":{"url":"https:\/\/pubeurope.com\/@at\/117173870730303068","error":""},"_links":{"self":[{"href":"https:\/\/www.europesays.com\/at\/wp-json\/wp\/v2\/posts\/361734","targetHints":{"allow":["GET"]}}],"collection":[{"href":"https:\/\/www.europesays.com\/at\/wp-json\/wp\/v2\/posts"}],"about":[{"href":"https:\/\/www.europesays.com\/at\/wp-json\/wp\/v2\/types\/post"}],"author":[{"embeddable":true,"href":"https:\/\/www.europesays.com\/at\/wp-json\/wp\/v2\/users\/2"}],"replies":[{"embeddable":true,"href":"https:\/\/www.europesays.com\/at\/wp-json\/wp\/v2\/comments?post=361734"}],"version-history":[{"count":0,"href":"https:\/\/www.europesays.com\/at\/wp-json\/wp\/v2\/posts\/361734\/revisions"}],"wp:featuredmedia":[{"embeddable":true,"href":"https:\/\/www.europesays.com\/at\/wp-json\/wp\/v2\/media\/361735"}],"wp:attachment":[{"href":"https:\/\/www.europesays.com\/at\/wp-json\/wp\/v2\/media?parent=361734"}],"wp:term":[{"taxonomy":"category","embeddable":true,"href":"https:\/\/www.europesays.com\/at\/wp-json\/wp\/v2\/categories?post=361734"},{"taxonomy":"post_tag","embeddable":true,"href":"https:\/\/www.europesays.com\/at\/wp-json\/wp\/v2\/tags?post=361734"}],"curies":[{"name":"wp","href":"https:\/\/api.w.org\/{rel}","templated":true}]}}