{"id":361978,"date":"2026-08-28T18:04:12","date_gmt":"2026-08-28T18:04:12","guid":{"rendered":"https:\/\/www.europesays.com\/at\/361978\/"},"modified":"2026-08-28T18:04:12","modified_gmt":"2026-08-28T18:04:12","slug":"frauen-bl-vorschau-gelingt-der-vierte-streich-st-poelten-will-gegen-salzburg-nachlegen","status":"publish","type":"post","link":"https:\/\/www.europesays.com\/at\/361978\/","title":{"rendered":"Frauen-BL-Vorschau &#8211; Gelingt der vierte Streich? St. P\u00f6lten will gegen Salzburg nachlegen"},"content":{"rendered":"<p>        <img decoding=\"async\" src=\"https:\/\/www.europesays.com\/at\/wp-content\/uploads\/2026\/08\/img-ujY2VX4eEUcKtAoy.jpeg\" data-fullscreen-src=\"https:\/\/www.noen.at\/image\/3840x0-jpg\/6601449\/img-ujY2VX4eEUcKtAoy.jpeg\" bad-src=\"https:\/\/www.europesays.com\/at\/wp-content\/uploads\/2026\/08\/img-ujY2VX4eEUcKtAoy.jpeg\" data-teaser-member=\"image\" alt=\"cl-stpfrauenjuventus-8722.jpg\"\/><\/p>\n<p>\n                Zwischen Champions-League-Tr\u00e4umen und Bundesliga-Alltag: Diana Lemesova empf\u00e4ngt am Samstag mit dem SKN die RB-Girls als Salzburg            <\/p>\n<p>\n                Foto:<br \/>\n                Wolfgang Wallner                            <\/p>\n<p>\n        Die St. P\u00f6ltnerinnen gehen als ungeschlagener Tabellenzweiter in das Heimspiel gegen Salzburg. Die f\u00fcnfte Bundesliga-Runde h\u00e4lt dar\u00fcber hinaus einige brisante Duelle bereit.     <\/p>\n<p>Drei Spiele, drei Siege, kein Gegentor. Besser h\u00e4tte der Saisonstart f\u00fcr die Kickerinnen des SKN St. P\u00f6lten kaum verlaufen k\u00f6nnen. Am Samstag (14 Uhr, ORF Sport+) wollen die W\u00f6lfinnen in der Frauen Bundesliga gegen den FC Red Bull Salzburg nachlegen.<\/p>\n","protected":false},"excerpt":{"rendered":"Zwischen Champions-League-Tr\u00e4umen und Bundesliga-Alltag: Diana Lemesova empf\u00e4ngt am Samstag mit dem SKN die RB-Girls als Salzburg Foto: Wolfgang&hellip;\n","protected":false},"author":2,"featured_media":361979,"comment_status":"","ping_status":"","sticky":false,"template":"","format":"standard","meta":{"footnotes":"","_share_on_mastodon":"0"},"categories":[18],"tags":[46,42,2122,13032,91423,43293,4647,3806,44,968,23135,109,108,3535],"class_list":["post-361978","post","type-post","status-publish","format-standard","has-post-thumbnail","category-sport","tag-at","tag-austria","tag-austria-wien","tag-frauenfussball","tag-katja-guertler","tag-laurent-fassotte","tag-meinfussball","tag-mf-start","tag-oesterreich","tag-rapid-wien","tag-skn-st-poelten-frauen","tag-sport","tag-sports","tag-stefan-kenesei"],"share_on_mastodon":{"url":"https:\/\/pubeurope.com\/@at\/117174459943135284","error":""},"_links":{"self":[{"href":"https:\/\/www.europesays.com\/at\/wp-json\/wp\/v2\/posts\/361978","targetHints":{"allow":["GET"]}}],"collection":[{"href":"https:\/\/www.europesays.com\/at\/wp-json\/wp\/v2\/posts"}],"about":[{"href":"https:\/\/www.europesays.com\/at\/wp-json\/wp\/v2\/types\/post"}],"author":[{"embeddable":true,"href":"https:\/\/www.europesays.com\/at\/wp-json\/wp\/v2\/users\/2"}],"replies":[{"embeddable":true,"href":"https:\/\/www.europesays.com\/at\/wp-json\/wp\/v2\/comments?post=361978"}],"version-history":[{"count":0,"href":"https:\/\/www.europesays.com\/at\/wp-json\/wp\/v2\/posts\/361978\/revisions"}],"wp:featuredmedia":[{"embeddable":true,"href":"https:\/\/www.europesays.com\/at\/wp-json\/wp\/v2\/media\/361979"}],"wp:attachment":[{"href":"https:\/\/www.europesays.com\/at\/wp-json\/wp\/v2\/media?parent=361978"}],"wp:term":[{"taxonomy":"category","embeddable":true,"href":"https:\/\/www.europesays.com\/at\/wp-json\/wp\/v2\/categories?post=361978"},{"taxonomy":"post_tag","embeddable":true,"href":"https:\/\/www.europesays.com\/at\/wp-json\/wp\/v2\/tags?post=361978"}],"curies":[{"name":"wp","href":"https:\/\/api.w.org\/{rel}","templated":true}]}}