{"id":362046,"date":"2026-08-28T18:42:13","date_gmt":"2026-08-28T18:42:13","guid":{"rendered":"https:\/\/www.europesays.com\/at\/362046\/"},"modified":"2026-08-28T18:42:13","modified_gmt":"2026-08-28T18:42:13","slug":"1-fsv-mainz-05-verleiht-ex-sk-sturm-graz-provi-boeving-nach-nuernberg","status":"publish","type":"post","link":"https:\/\/www.europesays.com\/at\/362046\/","title":{"rendered":"1. FSV Mainz 05 verleiht Ex-SK-Sturm-Graz-Provi B\u00f6ving nach N\u00fcrnberg"},"content":{"rendered":"<p> <img decoding=\"async\" src=\"https:\/\/www.europesays.com\/at\/wp-content\/uploads\/2026\/08\/8f61632bb23e21b020e0dc42a668db6556c26329.jpg\" alt=\"\"\/> <\/p>\n<p>Im DFB-Pokal hatte William B\u00f8ving\u00a0noch f\u00fcr den 1. FSV Mainz 05 getroffen, jetzt wechselt der D\u00e4ne, der von Ende August 2022 bis 2025 beim <a href=\"https:\/\/ticker.ligaportal.at\/mannschaft\/1715\/sk-sturm-graz\" rel=\"nofollow noopener\" target=\"_blank\">SK Sturm Graz<\/a> spielte, auf Leihbasis zum Fu\u00dfball-Zweitligisten 1. FC N\u00fcrnberg um Trainer Miroslav Klose. Der 23-J\u00e4hrige erhofft sich von dem Transfer mehr Spielzeit. In der vergangenen Saison hatte der Angreifer 18 Pflichtspiele f\u00fcr die 05er absolviert.<\/p>\n<p><img decoding=\"async\" src=\"https:\/\/www.europesays.com\/at\/wp-content\/uploads\/2026\/08\/889a8a6d7c0df71583549593ee3ecb98063b61bf.jpg\" alt=\"William B\u00f6ving (r.) wechselt nach N\u00fcrnberg (Foto: AFP\/SID\/KARL-JOSEF HILDENBRAND)\"\/><\/p>\n<p>William B\u00f6ving (r.) wechselt nach N\u00fcrnberg<\/p>\n<p>Foto: AFP\/SID\/KARL-JOSEF HILDENBRAND<\/p>\n<p>Bei Mainz sei die &#8222;Konkurrenzsituation in der Offensive extrem&#8220;, sagte Sportdirektor Niko Bungert, &#8222;weshalb er mit der Aussicht auf mehr Startelfeins\u00e4tze den Wunsch nach einer Leihe ge\u00e4u\u00dfert hat. Wir glauben mit dem 1. FC N\u00fcrnberg daf\u00fcr den richtigen Klub gefunden zu haben und w\u00fcnschen Willi f\u00fcr seine Zeit dort alles Gute.&#8220;<\/p>\n<p class=\"text-secondary\">\u00a9 2026 SID<\/p>\n","protected":false},"excerpt":{"rendered":"Im DFB-Pokal hatte William B\u00f8ving\u00a0noch f\u00fcr den 1. FSV Mainz 05 getroffen, jetzt wechselt der D\u00e4ne, der von&hellip;\n","protected":false},"author":2,"featured_media":362047,"comment_status":"","ping_status":"","sticky":false,"template":"","format":"standard","meta":{"footnotes":"","_share_on_mastodon":"0"},"categories":[18],"tags":[16263,46,42,8263,35004,44,109,108,91439],"class_list":["post-362046","post","type-post","status-publish","format-standard","has-post-thumbnail","category-sport","tag-1-fc-nuernberg","tag-at","tag-austria","tag-dfb-pokal","tag-mainz-05","tag-oesterreich","tag-sport","tag-sports","tag-william-boeving"],"share_on_mastodon":{"url":"https:\/\/pubeurope.com\/@at\/117174609604038092","error":""},"_links":{"self":[{"href":"https:\/\/www.europesays.com\/at\/wp-json\/wp\/v2\/posts\/362046","targetHints":{"allow":["GET"]}}],"collection":[{"href":"https:\/\/www.europesays.com\/at\/wp-json\/wp\/v2\/posts"}],"about":[{"href":"https:\/\/www.europesays.com\/at\/wp-json\/wp\/v2\/types\/post"}],"author":[{"embeddable":true,"href":"https:\/\/www.europesays.com\/at\/wp-json\/wp\/v2\/users\/2"}],"replies":[{"embeddable":true,"href":"https:\/\/www.europesays.com\/at\/wp-json\/wp\/v2\/comments?post=362046"}],"version-history":[{"count":0,"href":"https:\/\/www.europesays.com\/at\/wp-json\/wp\/v2\/posts\/362046\/revisions"}],"wp:featuredmedia":[{"embeddable":true,"href":"https:\/\/www.europesays.com\/at\/wp-json\/wp\/v2\/media\/362047"}],"wp:attachment":[{"href":"https:\/\/www.europesays.com\/at\/wp-json\/wp\/v2\/media?parent=362046"}],"wp:term":[{"taxonomy":"category","embeddable":true,"href":"https:\/\/www.europesays.com\/at\/wp-json\/wp\/v2\/categories?post=362046"},{"taxonomy":"post_tag","embeddable":true,"href":"https:\/\/www.europesays.com\/at\/wp-json\/wp\/v2\/tags?post=362046"}],"curies":[{"name":"wp","href":"https:\/\/api.w.org\/{rel}","templated":true}]}}