{"id":362094,"date":"2026-08-28T19:09:11","date_gmt":"2026-08-28T19:09:11","guid":{"rendered":"https:\/\/www.europesays.com\/at\/362094\/"},"modified":"2026-08-28T19:09:11","modified_gmt":"2026-08-28T19:09:11","slug":"salzburg-zur-auslosung-roehl-auf-dieses-match-freue-ich-mich-am-meisten","status":"publish","type":"post","link":"https:\/\/www.europesays.com\/at\/362094\/","title":{"rendered":"Salzburg zur Auslosung &#8211; R\u00f6hl: \u201eAuf dieses Match freue ich mich am meisten\u201c"},"content":{"rendered":"<p>\u201eAuf den ersten Blick haben wir sicher mit Milan, Crystal Palace und Leverkusen drei Mannschaften mit gro\u00dfen Namen, die einen hohen Marktwert haben, was ein Indiz f\u00fcr Qualit\u00e4t ist. Dann w\u00fcrde ich die anderen f\u00fcnf Mannschaften sehen, 50:50-Spiele, wo man gut punkten kann\u201c, sagte Salzburg-Trainer Danny R\u00f6hl. In der Europa League w\u00fcrden Kleinigkeiten entscheiden. Der Deutsche spricht aus Erfahrung, war er in diesem Bewerb doch auch vergangene Saison noch als Coach der Glasgow Rangers im Einsatz. \u201eEs wird wichtig sein, dass wir auf diesem Level absolut fehlerfrei spielen, denn Fehler werden eiskalt bestraft\u201c, sagte R\u00f6hl, dessen Truppe sich von Spiel zu Spiel in den Bewerb reinentwickeln solle.<\/p>\n","protected":false},"excerpt":{"rendered":"\u201eAuf den ersten Blick haben wir sicher mit Milan, Crystal Palace und Leverkusen drei Mannschaften mit gro\u00dfen Namen,&hellip;\n","protected":false},"author":2,"featured_media":362095,"comment_status":"","ping_status":"","sticky":false,"template":"","format":"standard","meta":{"footnotes":"","_share_on_mastodon":"0"},"categories":[31],"tags":[13511,42411,46,42,637,7518,61128,22208,70456,74414,8357,12058,55065,44,1065,62080,192,3534,7298],"class_list":["post-362094","post","type-post","status-publish","format-standard","has-post-thumbnail","category-salzburg","tag-ac-milan","tag-armenien","tag-at","tag-austria","tag-bayer-leverkusen","tag-crystal-palace","tag-danny-roehl","tag-glasgow-rangers","tag-haris-tabakovic","tag-italienisches","tag-leverkusen","tag-maurits-kjaergaard","tag-milan","tag-oesterreich","tag-red-bull-salzburg","tag-roehl","tag-salzburg","tag-sparta-prag","tag-zlatan-ibrahimovic"],"share_on_mastodon":{"url":"https:\/\/pubeurope.com\/@at\/117174715250699384","error":""},"_links":{"self":[{"href":"https:\/\/www.europesays.com\/at\/wp-json\/wp\/v2\/posts\/362094","targetHints":{"allow":["GET"]}}],"collection":[{"href":"https:\/\/www.europesays.com\/at\/wp-json\/wp\/v2\/posts"}],"about":[{"href":"https:\/\/www.europesays.com\/at\/wp-json\/wp\/v2\/types\/post"}],"author":[{"embeddable":true,"href":"https:\/\/www.europesays.com\/at\/wp-json\/wp\/v2\/users\/2"}],"replies":[{"embeddable":true,"href":"https:\/\/www.europesays.com\/at\/wp-json\/wp\/v2\/comments?post=362094"}],"version-history":[{"count":0,"href":"https:\/\/www.europesays.com\/at\/wp-json\/wp\/v2\/posts\/362094\/revisions"}],"wp:featuredmedia":[{"embeddable":true,"href":"https:\/\/www.europesays.com\/at\/wp-json\/wp\/v2\/media\/362095"}],"wp:attachment":[{"href":"https:\/\/www.europesays.com\/at\/wp-json\/wp\/v2\/media?parent=362094"}],"wp:term":[{"taxonomy":"category","embeddable":true,"href":"https:\/\/www.europesays.com\/at\/wp-json\/wp\/v2\/categories?post=362094"},{"taxonomy":"post_tag","embeddable":true,"href":"https:\/\/www.europesays.com\/at\/wp-json\/wp\/v2\/tags?post=362094"}],"curies":[{"name":"wp","href":"https:\/\/api.w.org\/{rel}","templated":true}]}}