{"id":362104,"date":"2026-08-28T19:15:18","date_gmt":"2026-08-28T19:15:18","guid":{"rendered":"https:\/\/www.europesays.com\/at\/362104\/"},"modified":"2026-08-28T19:15:18","modified_gmt":"2026-08-28T19:15:18","slug":"im-fall-baby-james-strafverfahren-gegen-polizei-und-jugendwohlfahrt","status":"publish","type":"post","link":"https:\/\/www.europesays.com\/at\/362104\/","title":{"rendered":"Im Fall Baby James &#8211; Strafverfahren gegen Polizei und Jugendwohlfahrt"},"content":{"rendered":"<p>\u201eSie leben von der L\u00fcge.\u201c Es sind harte Worte, die Alexandra Kennedy vom Kinderschutzverein LUCA ausspricht. Aber sie hat diese Worte bewusst gew\u00e4hlt. Jene Vize-Obfrau, die nach dem Tod des damals 17 Monate alten Kindes Luca f\u00fcr Gerechtigkeit und nicht gegen Jugend\u00e4mter im Allgemeinen k\u00e4mpft (\u201eSie retten auch Leben\u201c), schaltet sich jetzt in die Causa \u201eKoks-Baby James\u201c ein. Sie spricht davon, dass eine Handvoll Beamte \u201eden richtigen Job machen und auf das Kindeswohl schauen\u201c, der Rest jedoch \u201eagiert, wie er will. Mit L\u00fcgen.\u201c Daher erstattete sie im Namen des Vereines vor zwei Jahren Anzeige wegen Korruptionsverdacht gegen alle heimischen Jugend\u00e4mter.<\/p>\n","protected":false},"excerpt":{"rendered":"\u201eSie leben von der L\u00fcge.\u201c Es sind harte Worte, die Alexandra Kennedy vom Kinderschutzverein LUCA ausspricht. Aber sie&hellip;\n","protected":false},"author":2,"featured_media":362105,"comment_status":"","ping_status":"","sticky":false,"template":"","format":"standard","meta":{"footnotes":"","_share_on_mastodon":"0"},"categories":[25],"tags":[91448,46,42,147,13632,46770,34779,61119,85033,622,44,156,155,148],"class_list":["post-362104","post","type-post","status-publish","format-standard","has-post-thumbnail","category-serien","tag-alexandra-kennedy","tag-at","tag-austria","tag-entertainment","tag-gaenserndorf","tag-james","tag-kathi","tag-kennedy","tag-luca","tag-niederoesterreich","tag-oesterreich","tag-serien","tag-series","tag-unterhaltung"],"share_on_mastodon":{"url":"https:\/\/pubeurope.com\/@at\/117174739057594905","error":""},"_links":{"self":[{"href":"https:\/\/www.europesays.com\/at\/wp-json\/wp\/v2\/posts\/362104","targetHints":{"allow":["GET"]}}],"collection":[{"href":"https:\/\/www.europesays.com\/at\/wp-json\/wp\/v2\/posts"}],"about":[{"href":"https:\/\/www.europesays.com\/at\/wp-json\/wp\/v2\/types\/post"}],"author":[{"embeddable":true,"href":"https:\/\/www.europesays.com\/at\/wp-json\/wp\/v2\/users\/2"}],"replies":[{"embeddable":true,"href":"https:\/\/www.europesays.com\/at\/wp-json\/wp\/v2\/comments?post=362104"}],"version-history":[{"count":0,"href":"https:\/\/www.europesays.com\/at\/wp-json\/wp\/v2\/posts\/362104\/revisions"}],"wp:featuredmedia":[{"embeddable":true,"href":"https:\/\/www.europesays.com\/at\/wp-json\/wp\/v2\/media\/362105"}],"wp:attachment":[{"href":"https:\/\/www.europesays.com\/at\/wp-json\/wp\/v2\/media?parent=362104"}],"wp:term":[{"taxonomy":"category","embeddable":true,"href":"https:\/\/www.europesays.com\/at\/wp-json\/wp\/v2\/categories?post=362104"},{"taxonomy":"post_tag","embeddable":true,"href":"https:\/\/www.europesays.com\/at\/wp-json\/wp\/v2\/tags?post=362104"}],"curies":[{"name":"wp","href":"https:\/\/api.w.org\/{rel}","templated":true}]}}