{"id":362160,"date":"2026-08-28T19:50:15","date_gmt":"2026-08-28T19:50:15","guid":{"rendered":"https:\/\/www.europesays.com\/at\/362160\/"},"modified":"2026-08-28T19:50:15","modified_gmt":"2026-08-28T19:50:15","slug":"neue-grazer-stadtregierung-angelobt-stadtportal-der-landeshauptstadt-graz-2","status":"publish","type":"post","link":"https:\/\/www.europesays.com\/at\/362160\/","title":{"rendered":"Neue Grazer Stadtregierung angelobt\u00a0&#8211;\u00a0Stadtportal der Landeshauptstadt Graz"},"content":{"rendered":"<p>Auch beim dritten Wahldurchgang hat die zweitst\u00e4rkste Partei, die \u00d6VP, das Recht, einen Wahlvorschlag zur B\u00fcrgermeisterin-Stellvertretung einzubringen.<\/p>\n<p>Klobobfrau Anna Hopper schl\u00e4gt erneut Kurt Hohensinner vor:<br \/>&#8222;Die Grazer Volkspartei h\u00e4lt an ihrem Wahlvorschlag fest. Wir wollen ganz sicher und ganz klar, dass Kurt Hohensinner als Vizeb\u00fcrgermeister f\u00fcr diese Stadt dienen darf. Respektieren wir das Votum der Grazerinnen und Grazer, die Stimmen von 25 Prozent, oder nicht?&#8220;<\/p>\n<p>Die Wahlzeugen Gemeinderat Gerhard Hackenberger und Gemeinder\u00e4tin Daniela Schl\u00fcsselberger werden aufgerufen, die Stimmzettel werden verteilt.\u00a0<\/p>\n<p>Die B\u00fcrgermeisterin verliest das Ergebnis: 25 ung\u00fcltige Stimmen, 23 g\u00fcltige Stimmen f\u00fcr Kurt Hohensinner. Es kommt zum 4. Wahlgang.<\/p>\n","protected":false},"excerpt":{"rendered":"Auch beim dritten Wahldurchgang hat die zweitst\u00e4rkste Partei, die \u00d6VP, das Recht, einen Wahlvorschlag zur B\u00fcrgermeisterin-Stellvertretung einzubringen. Klobobfrau&hellip;\n","protected":false},"author":2,"featured_media":362161,"comment_status":"","ping_status":"","sticky":false,"template":"","format":"standard","meta":{"footnotes":"","_share_on_mastodon":"0"},"categories":[29],"tags":[46,42,5514,91365,183,90843,91364,44,555,554],"class_list":["post-362160","post","type-post","status-publish","format-standard","has-post-thumbnail","category-graz","tag-at","tag-austria","tag-gemeinderat","tag-gemeinderat-2026","tag-graz","tag-konstituierende-gemeinderatssitzung","tag-konstituierende-sitzung","tag-oesterreich","tag-portal-der-stadt-graz","tag-stadt-graz"],"share_on_mastodon":{"url":"https:\/\/pubeurope.com\/@at\/117174876639314087","error":""},"_links":{"self":[{"href":"https:\/\/www.europesays.com\/at\/wp-json\/wp\/v2\/posts\/362160","targetHints":{"allow":["GET"]}}],"collection":[{"href":"https:\/\/www.europesays.com\/at\/wp-json\/wp\/v2\/posts"}],"about":[{"href":"https:\/\/www.europesays.com\/at\/wp-json\/wp\/v2\/types\/post"}],"author":[{"embeddable":true,"href":"https:\/\/www.europesays.com\/at\/wp-json\/wp\/v2\/users\/2"}],"replies":[{"embeddable":true,"href":"https:\/\/www.europesays.com\/at\/wp-json\/wp\/v2\/comments?post=362160"}],"version-history":[{"count":0,"href":"https:\/\/www.europesays.com\/at\/wp-json\/wp\/v2\/posts\/362160\/revisions"}],"wp:featuredmedia":[{"embeddable":true,"href":"https:\/\/www.europesays.com\/at\/wp-json\/wp\/v2\/media\/362161"}],"wp:attachment":[{"href":"https:\/\/www.europesays.com\/at\/wp-json\/wp\/v2\/media?parent=362160"}],"wp:term":[{"taxonomy":"category","embeddable":true,"href":"https:\/\/www.europesays.com\/at\/wp-json\/wp\/v2\/categories?post=362160"},{"taxonomy":"post_tag","embeddable":true,"href":"https:\/\/www.europesays.com\/at\/wp-json\/wp\/v2\/tags?post=362160"}],"curies":[{"name":"wp","href":"https:\/\/api.w.org\/{rel}","templated":true}]}}