{"id":362664,"date":"2026-08-29T08:04:13","date_gmt":"2026-08-29T08:04:13","guid":{"rendered":"https:\/\/www.europesays.com\/at\/362664\/"},"modified":"2026-08-29T08:04:13","modified_gmt":"2026-08-29T08:04:13","slug":"vp-fehlt-transparenz-waste-watcher-straften-in-wien-14-652-muellsuender-ab","status":"publish","type":"post","link":"https:\/\/www.europesays.com\/at\/362664\/","title":{"rendered":"VP fehlt Transparenz \u2013 Waste Watcher straften in Wien 14.652 M\u00fclls\u00fcnder ab"},"content":{"rendered":"<p class=\"col-12 col-md-10 col-lg-8 gb-p raw mx-auto\">Wer seinen Mist in Wien auf die Stra\u00dfe wirft, muss seit April tiefer in die Tasche greifen. Die Strafen wurden von 50 auf 70 Euro erh\u00f6ht \u2013 ein Plus von 40 Prozent, wir berichteten. VP-Gemeinder\u00e4tin Elisabeth Olischar brachte dazu eine schriftliche Anfrage im Gemeinderat ein. Die Beantwortung liegt nun vor.<\/p>\n<p>Sogar 90 Euro m\u00f6glich<\/p>\n<p class=\"col-12 col-md-10 col-lg-8 gb-p raw mx-auto\">Laut Umweltstadtrat J\u00fcrgen Czernohorszky (SP) w\u00e4ren sogar Strafen von bis zu 90 Euro m\u00f6glich, geregelt ist das im Wiener Reinhaltegesetz. Wie viel Geld die Stadt Wien durch die Strafen tats\u00e4chlich einnimmt, konnte die f\u00fcr die Waste Watcher zust\u00e4ndige MA 48 nicht beantworten. Die H\u00f6he der Einnahmen l\u00e4gen bei der MA 6, hei\u00dft es aus dem B\u00fcro des Stadtrats.<\/p>\n<p>&#8222;Heute&#8220; auf Google als bevorzugte&amp;nbspQuelle festlegen<a href=\"https:\/\/www.google.com\/preferences\/source?q=heute.at\" rel=\"noopener noreferrer nofollow\" target=\"_blank\">Hinzuf\u00fcgen<\/a>40 Prozent mehr Einnahmen<\/p>\n<p class=\"col-12 col-md-10 col-lg-8 gb-p raw mx-auto\">Fest steht aber: Die Stadt erwartet durch die h\u00f6heren Strafen k\u00fcnftig auch mehr Einnahmen. &#8222;Ab dem Jahr 2027 ist mit Mehreinnahmen von 35 bis 40 Prozent zu rechnen&#8220;, hei\u00dft es in der Anfragebeantwortung.<\/p>\n<p>Zahl der Strafen schie\u00dft nach oben<\/p>\n<p class=\"col-12 col-md-10 col-lg-8 gb-p raw mx-auto\">Die Statistik zeigt, dass die st\u00e4dtischen Waste Watcher immer mehr Strafen verh\u00e4ngen. 2020 waren es 5.571, im letzten Jahr aber bereits 14.652. Damit hat sich die Zahl innerhalb von f\u00fcnf Jahren fast verdreifacht. Bei den Strafverf\u00fcgungen \u2013 also beh\u00f6rdlichen Bescheiden \u2013 steigerte sich die Zahl von 2.246 im Jahr 2020 auf 4.102 im letzten Jahr \u2013 knapp doppelt so viele wurden verschickt.<\/p>\n<p><a href=\"https:\/\/www.heute.at\/i\/waste-watcher-straften-in-wien-14652-muellsuender-ab-120235905\/doc-1jvlkldgd0\" rel=\"nofollow noopener\" target=\"_blank\"><img decoding=\"async\" src=\"https:\/\/www.europesays.com\/at\/wp-content\/uploads\/2026\/08\/0b1c0658-b19c-42a4-9279-08ed7767b6b0.jpeg\" class=\"lazy gallery-image\"  data- alt=\"VP-Gemeinder\u00e4tin und Umweltsprecherin Elisabeth Olischar\"\/><\/a><\/p>\n<p> VP-Gemeinder\u00e4tin und Umweltsprecherin Elisabeth Olischar<\/p>\n<p>Denise Auer<\/p>\n<p>&#8222;Fehlende Transparenz&#8220;<\/p>\n<p class=\"col-12 col-md-10 col-lg-8 gb-p raw mx-auto\">Mit scharfer Kritik reagiert VP-Umweltsprecherin Elisabeth Olischar auf die Beantwortung ihrer Anfrage \u2013 diese offenbare erhebliche Transparenzdefizite. Besonders irritierend sei laut Olischar, dass die zust\u00e4ndige Magistratsabteilung 48 erkl\u00e4re, die H\u00f6he der Einnahmen gar nicht zu kennen.<\/p>\n<p>&#8222;Strafe planlos erh\u00f6ht&#8220;<\/p>\n<p class=\"col-12 col-md-10 col-lg-8 gb-p raw mx-auto\">&#8222;Wenn die Stadt h\u00f6here Strafen einhebt, muss sie auch transparent darlegen k\u00f6nnen, wie viel dadurch eingenommen wird und wof\u00fcr dieses Geld eingesetzt wird. Genau diese Informationen fehlen aber. Das entspricht weder einem modernen Finanzmanagement noch einem transparenten Umgang mit \u00f6ffentlichen Mitteln. Man sieht einmal mehr: Die Stadt braucht Geld. Notfalls wird einfach irgendeine Strafe planlos erh\u00f6ht, die Geld in die Kassen sp\u00fclt&#8220;, kritisiert Olischar.<\/p>\n<p>F\u00fcr Gr\u00fcn- und Wasserfl\u00e4chen<\/p>\n<p class=\"col-12 col-md-10 col-lg-8 gb-p raw mx-auto\">Was mit den Einnahmen passiert, ist gesetzlich geregelt. Die Ertr\u00e4ge aus den verh\u00e4ngten Verwaltungsstrafen d\u00fcrfen ausschlie\u00dflich f\u00fcr die Reinhaltung von Stra\u00dfen mit \u00f6ffentlichem Verkehr sowie \u00f6ffentlich zug\u00e4nglichen Gr\u00fcn- und Wasserfl\u00e4chen verwendet werden.<\/p>\n<p> {title &amp;&amp; {title} } pet, {title &amp;&amp; {title} } 29.08.2026, 09:41<\/p>\n","protected":false},"excerpt":{"rendered":"Wer seinen Mist in Wien auf die Stra\u00dfe wirft, muss seit April tiefer in die Tasche greifen. Die&hellip;\n","protected":false},"author":2,"featured_media":362665,"comment_status":"","ping_status":"","sticky":false,"template":"","format":"standard","meta":{"footnotes":"","_share_on_mastodon":"0"},"categories":[28],"tags":[46,42,41,65933,44,413,181,182],"class_list":["post-362664","post","type-post","status-publish","format-standard","has-post-thumbnail","category-wien","tag-at","tag-austria","tag-news","tag-olischar","tag-oesterreich","tag-oevp","tag-vienna","tag-wien"],"share_on_mastodon":{"url":"https:\/\/pubeurope.com\/@at\/117177763141813274","error":""},"_links":{"self":[{"href":"https:\/\/www.europesays.com\/at\/wp-json\/wp\/v2\/posts\/362664","targetHints":{"allow":["GET"]}}],"collection":[{"href":"https:\/\/www.europesays.com\/at\/wp-json\/wp\/v2\/posts"}],"about":[{"href":"https:\/\/www.europesays.com\/at\/wp-json\/wp\/v2\/types\/post"}],"author":[{"embeddable":true,"href":"https:\/\/www.europesays.com\/at\/wp-json\/wp\/v2\/users\/2"}],"replies":[{"embeddable":true,"href":"https:\/\/www.europesays.com\/at\/wp-json\/wp\/v2\/comments?post=362664"}],"version-history":[{"count":0,"href":"https:\/\/www.europesays.com\/at\/wp-json\/wp\/v2\/posts\/362664\/revisions"}],"wp:featuredmedia":[{"embeddable":true,"href":"https:\/\/www.europesays.com\/at\/wp-json\/wp\/v2\/media\/362665"}],"wp:attachment":[{"href":"https:\/\/www.europesays.com\/at\/wp-json\/wp\/v2\/media?parent=362664"}],"wp:term":[{"taxonomy":"category","embeddable":true,"href":"https:\/\/www.europesays.com\/at\/wp-json\/wp\/v2\/categories?post=362664"},{"taxonomy":"post_tag","embeddable":true,"href":"https:\/\/www.europesays.com\/at\/wp-json\/wp\/v2\/tags?post=362664"}],"curies":[{"name":"wp","href":"https:\/\/api.w.org\/{rel}","templated":true}]}}