{"id":362850,"date":"2026-08-29T10:09:18","date_gmt":"2026-08-29T10:09:18","guid":{"rendered":"https:\/\/www.europesays.com\/at\/362850\/"},"modified":"2026-08-29T10:09:18","modified_gmt":"2026-08-29T10:09:18","slug":"vaterland-interview-das-ist-der-stoff-einer-griechischen-tragoedie-kronen-zeitung","status":"publish","type":"post","link":"https:\/\/www.europesays.com\/at\/362850\/","title":{"rendered":"\u201eVaterland\u201c-Interview &#8211; \u201eDas ist der Stoff einer griechischen Trag\u00f6die\u201c &#8211; Kronen Zeitung"},"content":{"rendered":"<p><a href=\"https:\/\/news.google.com\/rss\/articles\/CBMiQkFVX3lxTE9naVJyeE41dFZEbWZhODFSb0NNRkdPQzBRd0xKLTBpYzc2MnI4d2xjUm5PLWRRem9LSW5Gd2dfYy1vdw?oc=5\" target=\"_blank\" rel=\"nofollow noopener\">\u201eVaterland\u201c-Interview &#8211; \u201eDas ist der Stoff einer griechischen Trag\u00f6die\u201c<\/a>&nbsp;&nbsp;Kronen Zeitung<a href=\"https:\/\/news.google.com\/rss\/articles\/CBMilwFBVV95cUxQczNYUF9FZGxDbHJ5N1FPNjFxNGd2ck4yUUNoaU9oeXZELXR5bWhmYUVIU2tHZFVCUWZHMTRKZTFOYzhESHRpeW83Y3BhSC1kdG1BN3VhZ0RvWG9iYWxkVllWeFlvVUp3VzJDUTFDS0s0RkVIQjg3U04wZmJ5OGVOckRMVVUwTzNVOHVnX1lrZ0JveUh1TWVj?oc=5\" target=\"_blank\" rel=\"nofollow noopener\">Hanns Zischler: Von Beruf Zopfflechter<\/a>&nbsp;&nbsp;Berliner Morgenpost<a href=\"https:\/\/news.google.com\/rss\/articles\/CBMihwFBVV95cUxQVzVyQVhpX29FRUw5LWtJbW96WkJOU2VtNUt3YzV3SGIwakYwQXhQYU5ZY0pvZGhoZXlIZ2V1cTBWV19rckdMdGYwUlF1YXpyVlkwTldxV0xpdDREOV9JR1ZrVHpJVDJYMDlmWHJHRVJKNU1pTGtSdFVjcHV1UTNTcHZsTXNVY3M?oc=5\" target=\"_blank\" rel=\"nofollow noopener\">&#8222;Vaterland&#8220;: Deutschland zwischen Stunde Null und Aufbruch<\/a>&nbsp;&nbsp;News.at<a href=\"https:\/\/news.google.com\/rss\/articles\/CBMi6wFBVV95cUxPTDlOakJRUmpWNW16VjRscW5ZWlF0d1Z1T0dUT3B1TzhURm1HdElLRUtmZUotU0xhMFllNVllc1hXVGNBX0JDRnhzeU9PUEJWUE1CeF8yZkVaUU5Wb1RjU01NWU52RXRYaUprTl9oblZtT2gxWGs4WVAzT1Etd3RjSjA2RTNFb3RvRElQM2lpdlBnTXg3RThzTzl6M1UwQnVCdGNKWmhwU0NtRTFaV3N1TUhNZ1lyWDNPSl9id0RNeTBjYUE2Wl9oUm5JQVVLRXFFTkV6dzBySE5SbHh3TTZZUnp4MXlUaW5xUE1J0gGHAkFVX3lxTE5velBIaE1rY3RUWi1KNC1JVjVjM04wX09aYldLNWoyNzVaMjNXeDRveUJ3VTI4ME5LQkQ1QldsTHkzMmRpNlRoMExoMWtmWGxyNWtfS3JjdS1RSjVZVkRydW9FdGg5dGZFZWZ6WGRmZE51X3FrTy1iN1dkc0VhSzUwdl9MRzI1N0NqcndBZXlJUU9mbDdOZUVtMVQ0eVFzdHp5ajc4MDZPX1VOVE5TQ3dhSHVqR19scmhzTFRZTXI4b2xZQXRPZ0FBSFJEWW9HSGtiQkZMWTRsUmVqdnBRUFBocjA1RVFqVnVXa2xZbkE3djNXbkRFT1JCek5wY1dsUzg4TnlTWndZ?oc=5\" target=\"_blank\" rel=\"nofollow noopener\">Sandra H\u00fcller bei \u201eVaterland&#8220;-Premiere in Leipzig: Ein Gl\u00fcckstag f\u00fcr die Autogrammj\u00e4ger<\/a>&nbsp;&nbsp;LVZ &#8211; Leipziger Volkszeitung<a href=\"https:\/\/news.google.com\/rss\/articles\/CBMi0wFBVV95cUxQOTcwYWVlcTZ4cnUxNlRYUVZLV1M3cWdHcDdnOWQwZkZWZUZNRE9XSDV4TzFMaEEydW5WRENuWjZIczNsQTlEQkc3SkRvUVVWZlJaanJLUWl6RFFxVkhkVi1ma01kZDhad2U2MXhzNThHQlVqWmhBVHFBdXVBV1MtSEdVb2NxTUpJaVRkSUk5d0ZzT3pwSEowQnFVQTM0T2pzVjAwZVFQUVVVdjM5Y1lQZTJIRFhNN2JJY3JnWkNvRTBJUVhxOHhKVklYaVZQY1M1NWRn?oc=5\" target=\"_blank\" rel=\"nofollow noopener\">Interview mit \u201eVaterland\u201c-Star: H\u00e4tte Thomas Mann KI cool gefunden, Hanns Zischler?<\/a>&nbsp;&nbsp;RND.de<\/p>\n","protected":false},"excerpt":{"rendered":"\u201eVaterland\u201c-Interview &#8211; \u201eDas ist der Stoff einer griechischen Trag\u00f6die\u201c&nbsp;&nbsp;Kronen ZeitungHanns Zischler: Von Beruf Zopfflechter&nbsp;&nbsp;Berliner Morgenpost&#8222;Vaterland&#8220;: Deutschland zwischen Stunde&hellip;\n","protected":false},"author":2,"featured_media":362851,"comment_status":"","ping_status":"","sticky":false,"template":"","format":"standard","meta":{"footnotes":"","_share_on_mastodon":"0"},"categories":[22],"tags":[4016,46,42,46907,257,147,91566,54256,60566,48727,279,44,54269,91567,3734,10054,4604,29530,54274,91568,148,48774],"class_list":["post-362850","post","type-post","status-publish","format-standard","has-post-thumbnail","category-unterhaltung","tag-amerika","tag-at","tag-austria","tag-cannes","tag-deutschland","tag-entertainment","tag-erika","tag-erika-mann","tag-griechischen","tag-klaus","tag-muenchen","tag-oesterreich","tag-pawel-pawlikowski","tag-pawlikowski","tag-polen","tag-polnischen","tag-sandra-hueller","tag-thomas","tag-thomas-mann","tag-thomas-manns","tag-unterhaltung","tag-vaterland"],"share_on_mastodon":{"url":"https:\/\/pubeurope.com\/@at\/117178254472097487","error":""},"_links":{"self":[{"href":"https:\/\/www.europesays.com\/at\/wp-json\/wp\/v2\/posts\/362850","targetHints":{"allow":["GET"]}}],"collection":[{"href":"https:\/\/www.europesays.com\/at\/wp-json\/wp\/v2\/posts"}],"about":[{"href":"https:\/\/www.europesays.com\/at\/wp-json\/wp\/v2\/types\/post"}],"author":[{"embeddable":true,"href":"https:\/\/www.europesays.com\/at\/wp-json\/wp\/v2\/users\/2"}],"replies":[{"embeddable":true,"href":"https:\/\/www.europesays.com\/at\/wp-json\/wp\/v2\/comments?post=362850"}],"version-history":[{"count":0,"href":"https:\/\/www.europesays.com\/at\/wp-json\/wp\/v2\/posts\/362850\/revisions"}],"wp:featuredmedia":[{"embeddable":true,"href":"https:\/\/www.europesays.com\/at\/wp-json\/wp\/v2\/media\/362851"}],"wp:attachment":[{"href":"https:\/\/www.europesays.com\/at\/wp-json\/wp\/v2\/media?parent=362850"}],"wp:term":[{"taxonomy":"category","embeddable":true,"href":"https:\/\/www.europesays.com\/at\/wp-json\/wp\/v2\/categories?post=362850"},{"taxonomy":"post_tag","embeddable":true,"href":"https:\/\/www.europesays.com\/at\/wp-json\/wp\/v2\/tags?post=362850"}],"curies":[{"name":"wp","href":"https:\/\/api.w.org\/{rel}","templated":true}]}}