{"id":363126,"date":"2026-08-29T13:32:06","date_gmt":"2026-08-29T13:32:06","guid":{"rendered":"https:\/\/www.europesays.com\/at\/363126\/"},"modified":"2026-08-29T13:32:06","modified_gmt":"2026-08-29T13:32:06","slug":"kinofest-oesterreich-feiert-die-grosse-leinwand-auch-in-linz","status":"publish","type":"post","link":"https:\/\/www.europesays.com\/at\/363126\/","title":{"rendered":"Kinofest \u00d6sterreich feiert die gro\u00dfe Leinwand, auch in Linz"},"content":{"rendered":"<p> \u00d6\/LINZ. Mehr als 100 Kinos in ganz \u00d6sterreich feiern am Samstag, 12. September, das Kinofest 2026. Besucher zahlen in den teilnehmenden H\u00e4usern nur 5,90 Euro pro Film. Mit dabei sind auch Linzer Kinos.\u00a0<\/p>\n<p class=\"isSelectedEnd\">Gezeigt werden soll die ganze Bandbreite des aktuellen Filmangebots. Dazu z\u00e4hlen Blockbuster, Familienfilme, Arthouse-Produktionen und \u00f6sterreichische Filme. Viele Kinos erg\u00e4nzen das regul\u00e4re Programm mit eigenen Aktionen.\u00a0<\/p>\n<p class=\"isSelectedEnd\">\u201eKino ist wieder da \u2013 und zwar mit voller Kraft. Das sp\u00fcren wir in den S\u00e4len, beim Publikum und in der gesamten Branche\u201c, so Christian D\u00f6rfler, Obmann des WK\u00d6-Fachverbandes der Kino-, Kultur- und Vergn\u00fcgungsbetriebe. Mit dem Kinofest wolle man die Menschen dazu einladen, das Kino wieder bewusst zu erleben. \u201eAm 12. September zeigen wir, wie lebendig, vielf\u00e4ltig und emotional Kino in \u00d6sterreich ist.\u201c <\/p>\n<p class=\"isSelectedEnd\">Auch die \u00f6sterreichischen Filmverleiher unterst\u00fctzen die Aktion. \u201eKino ber\u00fchrt, verbindet und begeistert \u2013 und genau dieses Gef\u00fchl wollen wir am 12. September mit m\u00f6glichst vielen Menschen teilen\u201c, so\u00a0Michael Stejskal, Vorsitzender der Berufsgruppe Filmverleih\/-vertrieb im Fachverband der Film- und Musikwirtschaft.\u00a0<\/p>\n<p>Auch in Linz und Umgebung<\/p>\n<p class=\"isSelectedEnd\">Das Kinofest findet heuer zum zweiten Mal statt und soll zugleich einen Impuls zum Start der Kinoherbstsaison setzen. Unterst\u00fctzt wird die Veranstaltung vom Kultur-Ministerium.\u00a0<\/p>\n<p class=\"isSelectedEnd\">Kinos in ganz \u00d6sterreich nehmen teil, in Linz und Umgebung mit dabei sind laut daskinofest.at das\ufeff<\/p>\n<p>Cineplexx LinzMoviementoCity-KinoHollywood Megaplex PluscityLichtspiele Katsdorf<\/p>\n<p>Es gilt ein einheitlicher Ticketpreis von 5,90 Euro, ausgenommen Sonderformate. Alle Infos und teilnehmende Kinos gibt&#8217;s auf\u00a0<a data-mce-href=\"http:\/\/www.daskinofest.at\" rel=\"nofollow noopener\" target=\"_blank\" href=\"http:\/\/www.daskinofest.at\" title=\"Das Kinofest\">www.daskinofest.at<\/a><\/p>\n","protected":false},"excerpt":{"rendered":"\u00d6\/LINZ. Mehr als 100 Kinos in ganz \u00d6sterreich feiern am Samstag, 12. September, das Kinofest 2026. Besucher zahlen&hellip;\n","protected":false},"author":2,"featured_media":363127,"comment_status":"","ping_status":"","sticky":false,"template":"","format":"standard","meta":{"footnotes":"","_share_on_mastodon":"0"},"categories":[30],"tags":[22691,91608,46,42,34714,34713,90483,91609,184,44,1327,91610],"class_list":["post-363126","post","type-post","status-publish","format-standard","has-post-thumbnail","category-linz","tag-wkoe","tag-12-september","tag-at","tag-austria","tag-billig","tag-guenstig","tag-kinofest","tag-kinos","tag-linz","tag-oesterreich","tag-ticket","tag-wo"],"share_on_mastodon":{"url":"https:\/\/pubeurope.com\/@at\/117179052482075282","error":""},"_links":{"self":[{"href":"https:\/\/www.europesays.com\/at\/wp-json\/wp\/v2\/posts\/363126","targetHints":{"allow":["GET"]}}],"collection":[{"href":"https:\/\/www.europesays.com\/at\/wp-json\/wp\/v2\/posts"}],"about":[{"href":"https:\/\/www.europesays.com\/at\/wp-json\/wp\/v2\/types\/post"}],"author":[{"embeddable":true,"href":"https:\/\/www.europesays.com\/at\/wp-json\/wp\/v2\/users\/2"}],"replies":[{"embeddable":true,"href":"https:\/\/www.europesays.com\/at\/wp-json\/wp\/v2\/comments?post=363126"}],"version-history":[{"count":0,"href":"https:\/\/www.europesays.com\/at\/wp-json\/wp\/v2\/posts\/363126\/revisions"}],"wp:featuredmedia":[{"embeddable":true,"href":"https:\/\/www.europesays.com\/at\/wp-json\/wp\/v2\/media\/363127"}],"wp:attachment":[{"href":"https:\/\/www.europesays.com\/at\/wp-json\/wp\/v2\/media?parent=363126"}],"wp:term":[{"taxonomy":"category","embeddable":true,"href":"https:\/\/www.europesays.com\/at\/wp-json\/wp\/v2\/categories?post=363126"},{"taxonomy":"post_tag","embeddable":true,"href":"https:\/\/www.europesays.com\/at\/wp-json\/wp\/v2\/tags?post=363126"}],"curies":[{"name":"wp","href":"https:\/\/api.w.org\/{rel}","templated":true}]}}