{"id":363134,"date":"2026-08-29T13:40:18","date_gmt":"2026-08-29T13:40:18","guid":{"rendered":"https:\/\/www.europesays.com\/at\/363134\/"},"modified":"2026-08-29T13:40:18","modified_gmt":"2026-08-29T13:40:18","slug":"sixx-paxx-feuern-taenzer-nach-sex-ist-moeglich-spruch-unterhaltung","status":"publish","type":"post","link":"https:\/\/www.europesays.com\/at\/363134\/","title":{"rendered":"Sixx Paxx feuern T\u00e4nzer nach \u201eSex ist m\u00f6glich\u201c-Spruch | Unterhaltung"},"content":{"rendered":"<p><a class=\"skip-content skip-content--link\" href=\"#in-content-skip-link-target-v-0-0\">TTS-Player \u00fcberspringen\u21b5<\/a><a id=\"in-content-skip-link-target-v-0-0\" class=\"skip-content--target-link-hidden skip-content skip-content--target-link\" href=\"#in-content-skip-link-target-v-0-0\">Artikel weiterlesen<\/a><\/p>\n<p>Berlin \u2013 \u201eSex ist nicht inklusive, aber Sex ist m\u00f6glich\u201c, offenbarte Sixx-Paxx-T\u00e4nzer Aaron Cooper (36) in der neuen RTL+-Doku \u201eToyboys \u2013 Sixx Paxx Uncut\u201c. F\u00fcr die Gr\u00fcnder David Farrell (38) und Bastian Maan (40) \u00fcberschritt diese Aussage jedoch eine klare Grenze. Sie zogen Konsequenzen. Nach \u00fcber vier Jahren Zusammenarbeit trennen sich die Sixx Paxx mit sofortiger Wirkung von Cooper. <\/p>\n<p>In einer Mitteilung zeigen sich die Gr\u00fcnder ver\u00e4rgert: \u201eNein. Bei Sixx Paxx ist Sex mit unseren G\u00e4sten im Zusammenhang mit unseren Shows nicht m\u00f6glich. Punkt.\u201c <\/p>\n<p><img decoding=\"async\" width=\"992\" height=\"1178\" alt=\"Cooper begann bei den Sixx Paxx, um seine Schauspielausbildung zu finanzieren, und blieb auch nach dem Ende der Ausbildung der Tanztruppe treu\" loading=\"lazy\" src=\"https:\/\/www.europesays.com\/at\/wp-content\/uploads\/2026\/08\/d47757353c878c37785956f560124a7a,7286e465.jpeg\"   class=\"portrait\"\/><\/p>\n<p class=\"fig__caption__text\">Cooper begann bei den Sixx Paxx, um seine Schauspielausbildung zu finanzieren, und blieb auch nach dem Ende der Ausbildung der Tanztruppe treu<\/p>\n<p>Foto: RTL\/Lars Nitsch\/Victoria Herbig<\/p>\n<p>Cooper bot private T\u00e4nze und mehr an?<\/p>\n<p>Der Hintergrund: Cooper berichtete, dass er nach den Shows private T\u00e4nze f\u00fcr Stammkundinnen anbiete: \u201eEine, die oft herkommt, bucht mich, um es etwas privater zu machen, im Hotel. Sex ist nicht inklusive, aber Sex ist m\u00f6glich.\u201c Ein lukratives Gesch\u00e4ft: F\u00fcr private T\u00e4nze im Club zahlen Kundinnen 50 Euro. F\u00fcr T\u00e4nze im Hotelzimmer gibt es deutlich mehr. \u201eDas sind 700 bis 800 Euro, wenn ich zwei Tage in <a href=\"https:\/\/www.bild.de\/regional\/berlin\/berlin-regional\/home-15823246.bild.html\" class=\"text-link\" rel=\"nofollow noopener\" target=\"_blank\">Berlin<\/a> arbeite. Ich kann sehr gut vom Strippen leben, wahrscheinlich zu gut.\u201c Seit \u00fcber vier Jahren ist Aaron Cooper als T\u00e4nzer bei den Sixx Paxx und beim weiblichen Publikum der unangefochtene Liebling.<\/p>\n<p>Mehr zum ThemaDas sagt Gr\u00fcnder David Farrell<\/p>\n<p>Dass einige seiner Stripper private T\u00e4nze gegen Geld anbieten, hat Gr\u00fcnder David Farrell gewusst und toleriert, mehr aber nicht. Zu BILD sagt er: \u201eJeder Sexarbeiter hat seine Daseinsberechtigung. Ich verurteile niemanden, der das macht. Aber bei uns hat das nichts zu suchen. Bekomme ich mit, dass jemand ein Angebot einer Besucherin annimmt, dann ist Schluss.\u201c Mit seiner Sixx-Paxx-Show wolle er Unterhaltung verkaufen, keinen Sex. Daher sei er da rigoros: \u201eDas gab es in der Vergangenheit, und die Jungs haben die B\u00fchne verlassen m\u00fcssen und waren kein Teil mehr von Sixx Paxx.\u201c<\/p>\n<p><img decoding=\"async\" width=\"992\" height=\"1178\" alt=\"Gr\u00fcnder David Farrell (38) zeigt sich ver\u00e4rgert \u00fcber das Gest\u00e4ndnis von Aaron Cooper\" loading=\"lazy\" src=\"https:\/\/www.europesays.com\/at\/wp-content\/uploads\/2026\/08\/eec42f5a4f281952e4f2529a4fd12cb3,3739b66c.jpeg\"   class=\"portrait\"\/><\/p>\n<p class=\"fig__caption__text\">Gr\u00fcnder David Farrell (38) zeigt sich ver\u00e4rgert \u00fcber das Gest\u00e4ndnis von Aaron Cooper<\/p>\n<p>Foto: RTL\/Lars Nitsch\/Victoria Herbig<\/p>\n<p>Cooper wird vorerst nicht mehr mit den Sixx Paxx auf der B\u00fchne stehen, aber Farrell m\u00f6chte das Gespr\u00e4ch mit ihm suchen. Er m\u00f6chte wissen: \u201eHat das wirklich stattgefunden oder war es nur ein Gedanke, den er laut ausgesprochen hat? Sollte es Ersteres sein, dann ist seine Karriere als Member bei uns endg\u00fcltig vorbei.\u201c<\/p>\n","protected":false},"excerpt":{"rendered":"TTS-Player \u00fcberspringen\u21b5Artikel weiterlesen Berlin \u2013 \u201eSex ist nicht inklusive, aber Sex ist m\u00f6glich\u201c, offenbarte Sixx-Paxx-T\u00e4nzer Aaron Cooper (36)&hellip;\n","protected":false},"author":2,"featured_media":363135,"comment_status":"","ping_status":"","sticky":false,"template":"","format":"standard","meta":{"footnotes":"","_share_on_mastodon":"0"},"categories":[22],"tags":[46,42,245,147,73622,11768,44,91613,209,148,91614],"class_list":["post-363134","post","type-post","status-publish","format-standard","has-post-thumbnail","category-unterhaltung","tag-at","tag-austria","tag-berlin","tag-entertainment","tag-erotik","tag-nackt","tag-oesterreich","tag-stripper","tag-team-first","tag-unterhaltung","tag-weiblich"],"share_on_mastodon":{"url":"https:\/\/pubeurope.com\/@at\/117179084386231521","error":""},"_links":{"self":[{"href":"https:\/\/www.europesays.com\/at\/wp-json\/wp\/v2\/posts\/363134","targetHints":{"allow":["GET"]}}],"collection":[{"href":"https:\/\/www.europesays.com\/at\/wp-json\/wp\/v2\/posts"}],"about":[{"href":"https:\/\/www.europesays.com\/at\/wp-json\/wp\/v2\/types\/post"}],"author":[{"embeddable":true,"href":"https:\/\/www.europesays.com\/at\/wp-json\/wp\/v2\/users\/2"}],"replies":[{"embeddable":true,"href":"https:\/\/www.europesays.com\/at\/wp-json\/wp\/v2\/comments?post=363134"}],"version-history":[{"count":0,"href":"https:\/\/www.europesays.com\/at\/wp-json\/wp\/v2\/posts\/363134\/revisions"}],"wp:featuredmedia":[{"embeddable":true,"href":"https:\/\/www.europesays.com\/at\/wp-json\/wp\/v2\/media\/363135"}],"wp:attachment":[{"href":"https:\/\/www.europesays.com\/at\/wp-json\/wp\/v2\/media?parent=363134"}],"wp:term":[{"taxonomy":"category","embeddable":true,"href":"https:\/\/www.europesays.com\/at\/wp-json\/wp\/v2\/categories?post=363134"},{"taxonomy":"post_tag","embeddable":true,"href":"https:\/\/www.europesays.com\/at\/wp-json\/wp\/v2\/tags?post=363134"}],"curies":[{"name":"wp","href":"https:\/\/api.w.org\/{rel}","templated":true}]}}