{"id":363176,"date":"2026-08-29T14:17:21","date_gmt":"2026-08-29T14:17:21","guid":{"rendered":"https:\/\/www.europesays.com\/at\/363176\/"},"modified":"2026-08-29T14:17:21","modified_gmt":"2026-08-29T14:17:21","slug":"metallica-kirk-hammett-ueber-seine-gitarrensammlung","status":"publish","type":"post","link":"https:\/\/www.europesays.com\/at\/363176\/","title":{"rendered":"Metallica: Kirk Hammett \u00fcber seine Gitarrensammlung"},"content":{"rendered":"<p>Metallica-Gitarrist Kirk Hammett teilte die offiziellen Aufnahmen der Buchpr\u00e4sentation \u201eThe Collection: Live \u2013 A Conversation With Kirk Hammett\u201c vom 4. Juli im EartH (Evolutionary Arts Hackney) in London, Gro\u00dfbritannien.<\/p>\n<p>Der Event feierte die Ver\u00f6ffentlichung seines neuen Bildbands \u2018The Collection: Kirk Hammett\u2019. Auf 400 Seiten wird in beispielloser Detailtiefe die au\u00dfergew\u00f6hnliche Gitarrensammlung des Heavy Metal-Pioniers dokumentiert\u2013 von seinen Anf\u00e4ngen bei Exodus bis heute.<\/p>\n<p>Kirk \u00fcber seine Lieblingsgitarren<\/p>\n<p>Kirks erste Gibson, die Flying V von 1979, geh\u00f6rt zu den ausf\u00fchrlich vorgestellten St\u00fccken. Auch die legend\u00e4re \u201eGreeny\u201c, eine Gibson Les Paul Standard von 1959, wird vorgestellt. Sie geh\u00f6rte zuvor Peter Green und Gary Moore.<\/p>\n<p>Zudem gew\u00e4hrt der Heavy Metal-Pionier in dem Buch Einblicke in seine ereignisreiche Musikkarriere und enth\u00fcllt bisher unver\u00f6ffentlichte Geschichten.<\/p>\n<p>Empfehlungen der Redaktion<\/p>\n<p>Kirk \u00fcber Metallicas Zeit in London: Jede Menge Pints<\/p>\n<p>Kirk Hammett verriet bereits erste Informationen w\u00e4hrend des aufgezeichneten <a href=\"https:\/\/www.youtube.com\/watch?v=pyWtWJlsrTI&amp;t=1s\" target=\"_blank\" rel=\"noopener nofollow\">Interviews<\/a> mit Phil Alexander, Redakteur des \u201eKerrang!\u201c- Magazins. Dabei sprach Kirk vor allem \u00fcber die fr\u00fchen Tage von Metallica und von ihrer Zeit in London.<\/p>\n<p>\u201eWir haben hier in London eine Geschichte, die noch nicht niedergeschrieben wurde. Als wir 1983 oder vielleicht Anfang 1984 zum ersten Mal hierherkamen [\u2026], war eigentlich eine Tournee durch Gro\u00dfbritannien mit The Rods geplant.\u201c<\/p>\n<p>Jedoch fiel diese ins Wasser: \u201eWegen mangelnder Ticket-Verk\u00e4ufe, ob ihr es glaubt oder nicht.\u201c Stattdessen feierten die Heavy-Metaller viel und genossen die englische Pub-Kultur. \u201eUnd so hatten wir eigentlich nichts zu tun. Wir gingen einfach nur raus und tranken jede Menge Pints von allem, was wir kriegen konnten\u201c, lacht Kirk.<\/p>\n<p>An dieser Stelle findest du Inhalte aus Youtube<\/p>\n<p>Um mit Inhalten aus Sozialen Netzwerken zu interagieren oder diese darzustellen, brauchen wir deine Zustimmung.<\/p>\n<p>\tSoziale Netzwerke aktivieren<\/p>\n<p>Gastauftritt von Robert Trujillo<\/p>\n<p>Der Event erreichte seinen H\u00f6hepunkt, als Metallica-Bassist Robert Trujillo \u00fcberraschend die B\u00fchne betrat. Dabei wurde das Buch-Event unerwartet zu einem Metallica-Konzert im kleinen Rahmen: \u201eK\u00f6nntet ihr alle jetzt bitte etwas n\u00e4her an die B\u00fchne kommen?\u201c, fragte Kirk das Publikum. Sofort versammelte sich die Menge vor der Stage und wippte zusammen im Takt ihrer gemeinsamen \u00dcberraschungs-Jamsession.<\/p>\n<p>\u2014<\/p>\n<p>Bestens informiert \u00fcber dieses und alle weiteren wichtigen Themen im Metal bleibt ihr au\u00dferdem mit unserem Newsletter. Einmal pro Woche flattert euch \u00fcbersichtlich sortiert ein Update ins Postfach.\u00a0<a href=\"https:\/\/www.metal-hammer.de\/news\/newsletter\/\" target=\"_blank\" rel=\"noopener nofollow\">Einfach anmelden<\/a>, damit euch auch sicher nichts entgeht.<\/p>\n<p class=\"wp-block-paragraph\">Exklusive Airbourne-Vinyl-7\u201c nur zusammen mit der aktuellen METAL HAMMER-Ausgabe: Jetzt am Kiosk oder direkt portofrei nach Hause zu bestellen! Alle Infos unter <a href=\"https:\/\/www.metal-hammer.de\/airbourne\" rel=\"nofollow noopener\" target=\"_blank\">www.metal-hammer.de\/airbourne<\/a>.<\/p>\n","protected":false},"excerpt":{"rendered":"Metallica-Gitarrist Kirk Hammett teilte die offiziellen Aufnahmen der Buchpr\u00e4sentation \u201eThe Collection: Live \u2013 A Conversation With Kirk Hammett\u201c&hellip;\n","protected":false},"author":2,"featured_media":363177,"comment_status":"","ping_status":"","sticky":false,"template":"","format":"standard","meta":{"footnotes":"","_share_on_mastodon":"0"},"categories":[24],"tags":[46,42,147,91620,91621,11535,38060,8323,153,154,44,55081,91622,91623,148],"class_list":["post-363176","post","type-post","status-publish","format-standard","has-post-thumbnail","category-musik","tag-at","tag-austria","tag-entertainment","tag-gibson-artists","tag-james-hetfied","tag-kirk-hammett","tag-lars-ulrich","tag-metallica","tag-music","tag-musik","tag-oesterreich","tag-robert-trujillo","tag-the-collection-kirk-hammett","tag-the-rods","tag-unterhaltung"],"share_on_mastodon":{"url":"https:\/\/pubeurope.com\/@at\/117179229426168934","error":""},"_links":{"self":[{"href":"https:\/\/www.europesays.com\/at\/wp-json\/wp\/v2\/posts\/363176","targetHints":{"allow":["GET"]}}],"collection":[{"href":"https:\/\/www.europesays.com\/at\/wp-json\/wp\/v2\/posts"}],"about":[{"href":"https:\/\/www.europesays.com\/at\/wp-json\/wp\/v2\/types\/post"}],"author":[{"embeddable":true,"href":"https:\/\/www.europesays.com\/at\/wp-json\/wp\/v2\/users\/2"}],"replies":[{"embeddable":true,"href":"https:\/\/www.europesays.com\/at\/wp-json\/wp\/v2\/comments?post=363176"}],"version-history":[{"count":0,"href":"https:\/\/www.europesays.com\/at\/wp-json\/wp\/v2\/posts\/363176\/revisions"}],"wp:featuredmedia":[{"embeddable":true,"href":"https:\/\/www.europesays.com\/at\/wp-json\/wp\/v2\/media\/363177"}],"wp:attachment":[{"href":"https:\/\/www.europesays.com\/at\/wp-json\/wp\/v2\/media?parent=363176"}],"wp:term":[{"taxonomy":"category","embeddable":true,"href":"https:\/\/www.europesays.com\/at\/wp-json\/wp\/v2\/categories?post=363176"},{"taxonomy":"post_tag","embeddable":true,"href":"https:\/\/www.europesays.com\/at\/wp-json\/wp\/v2\/tags?post=363176"}],"curies":[{"name":"wp","href":"https:\/\/api.w.org\/{rel}","templated":true}]}}