{"id":363320,"date":"2026-08-29T16:15:09","date_gmt":"2026-08-29T16:15:09","guid":{"rendered":"https:\/\/www.europesays.com\/at\/363320\/"},"modified":"2026-08-29T16:15:09","modified_gmt":"2026-08-29T16:15:09","slug":"royales-taschengeld-dieser-millionaer-hilft-harry-und-meghan-beim-umzug-kronen-zeitung","status":"publish","type":"post","link":"https:\/\/www.europesays.com\/at\/363320\/","title":{"rendered":"Royales \u201eTaschengeld\u201c &#8211; Dieser Million\u00e4r hilft Harry und Meghan beim Umzug &#8211; Kronen Zeitung"},"content":{"rendered":"<p><a href=\"https:\/\/news.google.com\/rss\/articles\/CBMiQkFVX3lxTE5qN1RIdHVzUnhmelpTYkxxLXZodVJOWTN3QlVGUVh3RHdJWklMd3JhOXpQLURMVjVHSVZ5cWs1V3FsZw?oc=5\" target=\"_blank\" rel=\"nofollow noopener\">Royales \u201eTaschengeld\u201c &#8211; Dieser Million\u00e4r hilft Harry und Meghan beim Umzug<\/a>&nbsp;&nbsp;Kronen Zeitung<a href=\"https:\/\/news.google.com\/rss\/articles\/CBMisgFBVV95cUxQLVNkVnpGRjVLNnI0MFo4aV9yTmowRWNrQUkyTzUxXzNhNFRwXzFwckY4eFpHRDNTWENHa3hFak5INjQ5SEV0ZUVuOGtMMTg3MjBzUmdzbVRCUXdOX3dySmNveERXTXdJRXRER1BPSUpGLTMtVTFqaTJxa3FNNEZoSTVKZFhZYzhqRWtXdERPQURpY3ZrQnQwaFpUVjNPd09wSjVjQkhvdGw5U2Vqd1FFM0xR?oc=5\" target=\"_blank\" rel=\"nofollow noopener\">Prinz Harrys R\u00fcckkehr in die Heimat: Was passiert mit seinen Haustieren?<\/a>&nbsp;&nbsp;Kurier<a href=\"https:\/\/news.google.com\/rss\/articles\/CBMi0wFBVV95cUxPcU52TWNPcVI5eGp1N3laaHFhdWg0ZVZ2LWM5anpPb2xndE1PWUhzM3ZOYXI4aXRnWGlRUlhwbjhSQTYzRWY0SWNBcUpQd2NaR3QzNU5kWW95d3dQYnNqUDlOcXh1SGpURlZfUzhMenlTcWYyM25WalU3Yllfa295YndYVWJ6SXBCMEVlTjdkZm9CSUk4enRvdFZER0dSQmd1bDNsMDl2aWNVTTAtbDZkZ0xsdlFFWVA5SVVKQlJaZWw1SkNISTV4cmQ0LTBqRXM4VFdV?oc=5\" target=\"_blank\" rel=\"nofollow noopener\">Harry und Meghan: Milliard\u00e4r unterst\u00fctzt die England-R\u00fcckkehr<\/a>&nbsp;&nbsp;BILD<a href=\"https:\/\/news.google.com\/rss\/articles\/CBMi0wFBVV95cUxOLUZ1ZlVVemY4Q0ktYnVBWFFXTlhaZEg2Zi1zcmtaZm1Sd19ubEtUVEVBazM0SDc3M0lNWUtaZGlYaXloWGxtSUNlZUtRN1lPd2hlR2Qza19xS3BjUmhoNTRNQ3NHd1A4MklFdlBFSGxPUTRuOG9NTjlzM1lpQ1JLZWNTTG9mZnlSa1gwdEd6czZkZUxDdm5SbTNzQnlBWTB1Z1lKQVV0Wjd4cXBDMG1OZ2tEWUM3WEEwOUVhT3dIcnM3NXhVeU1kZGhMcnUxS3lNUXBj?oc=5\" target=\"_blank\" rel=\"nofollow noopener\">Prinz Harry und Meghan offenbar wieder in Gro\u00dfbritannien, K\u00f6nig Charles k\u00fcndigt Reise an<\/a>&nbsp;&nbsp;Der Standard<a href=\"https:\/\/news.google.com\/rss\/articles\/CBMiogFBVV95cUxNbnI5cl9mRzFWRXFpMVRzc0V6U1drOW5qNVU4Y0dZYmdEUnBhUkR0TE9tTjJGRGFGVUEtR2ZSN0EyZkV0amhhaGVIb0gzZU16OUpkaDhJeHR6dVBaX3dWcEdGWlR1TUpfWmxqY0hWVXZnXzJJM0JLRC1QQXJranRNWklwQ3YxMmZwRk0xekR1eVg1VDRURVE5R3Z5Y2tSYl9ITEE?oc=5\" target=\"_blank\" rel=\"nofollow noopener\">Prinz Harry will offenbar langfristig in England leben<\/a>&nbsp;&nbsp;Kleine Zeitung<\/p>\n","protected":false},"excerpt":{"rendered":"Royales \u201eTaschengeld\u201c &#8211; Dieser Million\u00e4r hilft Harry und Meghan beim Umzug&nbsp;&nbsp;Kronen ZeitungPrinz Harrys R\u00fcckkehr in die Heimat: Was&hellip;\n","protected":false},"author":2,"featured_media":363321,"comment_status":"","ping_status":"","sticky":false,"template":"","format":"standard","meta":{"footnotes":"","_share_on_mastodon":"0"},"categories":[22],"tags":[91649,46,42,7819,3855,1404,6379,147,91650,6036,80248,91651,19789,91652,33081,14606,44,91653,148,91654],"class_list":["post-363320","post","type-post","status-publish","format-standard","has-post-thumbnail","category-unterhaltung","tag-aldrige","tag-at","tag-austria","tag-birmingham","tag-britische","tag-britischer","tag-england","tag-entertainment","tag-hampshire","tag-harry","tag-ian-wace","tag-joanna","tag-la","tag-markle","tag-meghan","tag-meghan-markle","tag-oesterreich","tag-tanera-mor","tag-unterhaltung","tag-wace"],"share_on_mastodon":{"url":"https:\/\/pubeurope.com\/@at\/117179693928208924","error":""},"_links":{"self":[{"href":"https:\/\/www.europesays.com\/at\/wp-json\/wp\/v2\/posts\/363320","targetHints":{"allow":["GET"]}}],"collection":[{"href":"https:\/\/www.europesays.com\/at\/wp-json\/wp\/v2\/posts"}],"about":[{"href":"https:\/\/www.europesays.com\/at\/wp-json\/wp\/v2\/types\/post"}],"author":[{"embeddable":true,"href":"https:\/\/www.europesays.com\/at\/wp-json\/wp\/v2\/users\/2"}],"replies":[{"embeddable":true,"href":"https:\/\/www.europesays.com\/at\/wp-json\/wp\/v2\/comments?post=363320"}],"version-history":[{"count":0,"href":"https:\/\/www.europesays.com\/at\/wp-json\/wp\/v2\/posts\/363320\/revisions"}],"wp:featuredmedia":[{"embeddable":true,"href":"https:\/\/www.europesays.com\/at\/wp-json\/wp\/v2\/media\/363321"}],"wp:attachment":[{"href":"https:\/\/www.europesays.com\/at\/wp-json\/wp\/v2\/media?parent=363320"}],"wp:term":[{"taxonomy":"category","embeddable":true,"href":"https:\/\/www.europesays.com\/at\/wp-json\/wp\/v2\/categories?post=363320"},{"taxonomy":"post_tag","embeddable":true,"href":"https:\/\/www.europesays.com\/at\/wp-json\/wp\/v2\/tags?post=363320"}],"curies":[{"name":"wp","href":"https:\/\/api.w.org\/{rel}","templated":true}]}}