{"id":363346,"date":"2026-08-29T16:39:34","date_gmt":"2026-08-29T16:39:34","guid":{"rendered":"https:\/\/www.europesays.com\/at\/363346\/"},"modified":"2026-08-29T16:39:34","modified_gmt":"2026-08-29T16:39:34","slug":"salzburg-serioes-und-souveraen-aber-noch-nicht-spektakulaer","status":"publish","type":"post","link":"https:\/\/www.europesays.com\/at\/363346\/","title":{"rendered":"Salzburg: Seri\u00f6s und souver\u00e4n, aber noch nicht spektakul\u00e4r"},"content":{"rendered":"<p>Am Ende besagter Halbzeit gegen den schwedischen Meister hallte der ein oder andere unzufriedene Pfiff durch das Stadion Salzburg, wie die Red Bull Arena international hei\u00dfen muss, das mit 7.654 Zusehern angesichts der Relevanz des Spiels sehr entt\u00e4uschend gef\u00fcllt war.<\/p>\n<p>&#8222;Wir geben unser Bestes, dass wir noch mehr Zuschauer anlocken k\u00f6nnen. Ich glaube, die Mannschaft w\u00fcrde sich aktuell mehr verdienen. St\u00fcck f\u00fcr St\u00fcck wird es besser. Wir gehen in Vorleistung und dann werden wir auch das Stadion wieder voller bekommen&#8220;, hofft R\u00f6hl.<\/p>\n<p>Neugefundene defensive Stabilit\u00e4t<\/p>\n<p>Tats\u00e4chlich scheint das R\u00f6hl&#8217;sche System zurzeit Woche f\u00fcr Woche besser zu greifen. Beginnen wir bei der bisher sehr sattelfesten Defensive, die speziell international gro\u00dfen Wert haben kann.<\/p>\n<p>Vom Tormann angefangen bis zur Viererkette besteht der neue Salzburger Abwehrverbund aus f\u00fcnf (fast) g\u00e4nzlich neuen Gesichtern: Im Tor stellt der bef\u00f6rderte Christian Zawieschitzky sein immenses Talent Spiel f\u00fcr Spiel erneut unter Beweis.<\/p>\n<p>Die Neuzug\u00e4nge Dominik Schmid, Nikolas Veratschnig und Kevin Boma haben sich bisher als absolute Gewinne f\u00fcr die Mannschaft herausgestellt, der hochgezogene Valentin Zabransky kann schon jetzt als eine der positivsten \u00dcberraschungen der Saison ausgemacht werden.<\/p>\n<p>&#8222;Wir verteidigen nicht zu viert, sondern zu elft&#8220;<\/p>\n<p>Drei &#8222;Clean Sheets&#8220; (O-Ton R\u00f6hl) in Folge konnte dieses Quintett zuletzt bejubeln. &#8222;Wobei das nicht nur an uns liegt, sondern vorne beim St\u00fcrmer anf\u00e4ngt. Wir verteidigen nicht zu viert, sondern zu elft. Gegen den Ball sind wir sehr diszipliniert&#8220;, h\u00e4lt Linksverteidiger Schmid fest.<\/p>\n<p>R\u00f6hl sieht das \u00e4hnlich: &#8222;Gegen den Ball geht es nur zusammen, im Kollektiv. Da sehe ich eine Mannschaft, die sich immer weiterentwickelt. Und wenn dennoch mal was durchkommt, haben wir noch einen hervorragenden Torwart.&#8220;<\/p>\n<p>Gro\u00dfer Fokus auf das Spiel mit dem Ball<\/p>\n","protected":false},"excerpt":{"rendered":"Am Ende besagter Halbzeit gegen den schwedischen Meister hallte der ein oder andere unzufriedene Pfiff durch das Stadion&hellip;\n","protected":false},"author":2,"featured_media":363347,"comment_status":"","ping_status":"","sticky":false,"template":"","format":"standard","meta":{"footnotes":"","_share_on_mastodon":"0"},"categories":[3],"tags":[1069,61128,56582,76,75,74,1061,964,70456,3458,7902,19951,1157],"class_list":["post-363346","post","type-post","status-publish","format-standard","has-post-thumbnail","category-europa","tag-admiral-bundesliga","tag-danny-roehl","tag-dominik-schmid","tag-eu","tag-europa","tag-europe","tag-fc-red-bull-salzburg","tag-fussball","tag-haris-tabakovic","tag-karim-konate","tag-laola1","tag-simon-urhofer","tag-uefa-europa-league"],"share_on_mastodon":{"url":"https:\/\/pubeurope.com\/@at\/117179787701015929","error":""},"_links":{"self":[{"href":"https:\/\/www.europesays.com\/at\/wp-json\/wp\/v2\/posts\/363346","targetHints":{"allow":["GET"]}}],"collection":[{"href":"https:\/\/www.europesays.com\/at\/wp-json\/wp\/v2\/posts"}],"about":[{"href":"https:\/\/www.europesays.com\/at\/wp-json\/wp\/v2\/types\/post"}],"author":[{"embeddable":true,"href":"https:\/\/www.europesays.com\/at\/wp-json\/wp\/v2\/users\/2"}],"replies":[{"embeddable":true,"href":"https:\/\/www.europesays.com\/at\/wp-json\/wp\/v2\/comments?post=363346"}],"version-history":[{"count":0,"href":"https:\/\/www.europesays.com\/at\/wp-json\/wp\/v2\/posts\/363346\/revisions"}],"wp:featuredmedia":[{"embeddable":true,"href":"https:\/\/www.europesays.com\/at\/wp-json\/wp\/v2\/media\/363347"}],"wp:attachment":[{"href":"https:\/\/www.europesays.com\/at\/wp-json\/wp\/v2\/media?parent=363346"}],"wp:term":[{"taxonomy":"category","embeddable":true,"href":"https:\/\/www.europesays.com\/at\/wp-json\/wp\/v2\/categories?post=363346"},{"taxonomy":"post_tag","embeddable":true,"href":"https:\/\/www.europesays.com\/at\/wp-json\/wp\/v2\/tags?post=363346"}],"curies":[{"name":"wp","href":"https:\/\/api.w.org\/{rel}","templated":true}]}}