{"id":363438,"date":"2026-08-29T17:59:11","date_gmt":"2026-08-29T17:59:11","guid":{"rendered":"https:\/\/www.europesays.com\/at\/363438\/"},"modified":"2026-08-29T17:59:11","modified_gmt":"2026-08-29T17:59:11","slug":"fpoe-schnedlitz-stocker-versucht-mit-social-media-rede-von-verpatzter-sommertour-und-verungluecktem-sommergespraech-abzulenken","status":"publish","type":"post","link":"https:\/\/www.europesays.com\/at\/363438\/","title":{"rendered":"FP\u00d6 \u2013 Schnedlitz: \u201eStocker versucht mit Social-Media-Rede von verpatzter Sommertour und verungl\u00fccktem Sommergespr\u00e4ch abzulenken!\u201c"},"content":{"rendered":"<p>Wien (OTS) &#8211;\u00a0<\/p>\n<p>Nach Angaben von \u00d6VP-Insidern ist f\u00fcr heute Nachmittag angeblich eine vorproduzierte Social-Media-Rede von Bundeskanzler Christian Stocker vorgesehen \u2013 den Ger\u00fcchten nach ein Versuch, nach Stockers Sommertour und dem gestrigen oe24-Sommergespr\u00e4ch die politische Kommunikation wieder einzufangen. \u201eDas wird nicht funktionieren. Nicht einmal die eigene Partei glaubt noch an Stocker, das h\u00f6rt man auch bereits aus der \u00d6VP\u201c, so FP\u00d6-Generalsekret\u00e4r Michael Schnedlitz \u00fcber den vorzeitigen \u00d6VP-internen Video-Leak.<\/p>\n<p>\u201eStockers Sommer ist endg\u00fcltig entgleist. Der Tiefpunkt seiner Tour war der Kinderbetreuungs-Sager, bei dem er auf offener B\u00fchne gezeigt hat, was diese \u00d6VP von Frauen, Kindern und Familien h\u00e4lt. Dagegen war Nehammers Burger-Video fast noch eine Kleinigkeit. Und kaum ist die Sommertour vorbei, folgt das n\u00e4chste Problem: Im oe24-Sommergespr\u00e4ch \u00fcbernimmt Stocker pl\u00f6tzlich mit dem Verbot des politischen Islam eine freiheitliche Kernforderung von Herbert Kickl, obwohl die \u00d6VP entsprechende FP\u00d6-Antr\u00e4ge zuletzt wiederholt abgelehnt hat. Heute um sieben Uhr fr\u00fch sah sich \u00d6VP-Generalsekret\u00e4r und Stockers Mitarbeiter Gst\u00f6ttner bereits zu einer \u00f6ffentlichen Relativierung der Aussagen seines eigenen Chefs veranlasst. Jetzt soll offenbar ein glattgezogenes Social-Media-Video retten, was kaum noch zu retten ist. Und dieses wird noch dazu vorzeitig geleakt\u201c, schmunzelte Schnedlitz.<\/p>\n<p>Dass Stocker laut vorliegendem Videotext darin von \u201eunbequemen Wahrheiten\u201c sprechen und ein \u201ezukunftsfrohes \u00d6sterreich\u201c beschw\u00f6ren wolle, sei f\u00fcr Schnedlitz bezeichnend. \u201eDie unbequemste Wahrheit f\u00fcr Stocker ist doch l\u00e4ngst: Dieser Kanzler und diese Partei sind politisch am Ende. Die Tiroler \u00d6VP will sich inzwischen ausdr\u00fccklich von der Bundespolitik emanzipieren und distanziert sich vom eigenen Kanzler. Und am Montag wartet das ORF-Sommergespr\u00e4ch. Offenbar ist die Nervosit\u00e4t vor weiteren Fettn\u00e4pfchen so gro\u00df, dass vorher noch schnell eine vorgeschriebene Placebo-Rede eingeschoben werden muss. \u00d6sterreich braucht aber keine n\u00e4chste PR-Therapie f\u00fcr einen angeschlagenen Kanzler.\u201c<\/p>\n<p>Abschlie\u00dfend forderte Schnedlitz Konsequenzen: \u201e\u00d6sterreich ist tats\u00e4chlich ein gro\u00dfartiges Land. Das Problem ist diese Regierung. Ein Social-Media-Video wird weder das Vertrauen der Menschen zur\u00fcckholen noch die eigene Partei wieder zusammenkleben. Stocker hat bei seiner Tour sein wahres Gesicht gezeigt, und auch dieser traurige Videobeweis hat sich tief in die K\u00f6pfe der Menschen eingebrannt. Er zeigt auch bei den Sommergespr\u00e4chen, dass er als Kanzler fehl am Platz ist. Stocker sollte endlich erkennen, wann es vorbei ist: R\u00fccktritt, Neuwahlen und das Wort zur\u00fcck an die Bev\u00f6lkerung!\u201c<\/p>\n<p _ngcontent-ng-c2115416006=\"\">Freiheitlicher Parlamentsklub<br \/>Telefon: 01\/ 40 110 &#8211; 7012<br \/>E-Mail: <a href=\"http:\/\/www.ots.at\/cdn-cgi\/l\/email-protection#82f2f0e7f1f1e7afe9eef7e0c2e4f2e9ace3f6\" rel=\"nofollow noopener\" target=\"_blank\">[email\u00a0protected]<\/a><\/p>\n<p _ngcontent-ng-c2115416006=\"\"> OTS-ORIGINALTEXT PRESSEAUSSENDUNG UNTER AUSSCHLIESSLICHER<br \/>\nINHALTLICHER VERANTWORTUNG DES AUSSENDERS &#8211; WWW.OTS.AT | FPK<\/p>\n","protected":false},"excerpt":{"rendered":"Wien (OTS) &#8211;\u00a0 Nach Angaben von \u00d6VP-Insidern ist f\u00fcr heute Nachmittag angeblich eine vorproduzierte Social-Media-Rede von Bundeskanzler Christian&hellip;\n","protected":false},"author":2,"featured_media":363439,"comment_status":"","ping_status":"","sticky":false,"template":"","format":"standard","meta":{"footnotes":"","_share_on_mastodon":"0"},"categories":[6],"tags":[26393,26395,46,42,6865,680,44,26394,413,269,43,45,54347,2293,2227],"class_list":["post-363438","post","type-post","status-publish","format-standard","has-post-thumbnail","category-oesterreich","tag-apa","tag-apa-ots","tag-at","tag-austria","tag-bundesregierung","tag-fpoe","tag-oesterreich","tag-ots","tag-oevp","tag-politik","tag-republic-of-austria","tag-republik-oesterreich","tag-schnedlitz","tag-social-media","tag-stocker"],"share_on_mastodon":{"url":"https:\/\/pubeurope.com\/@at\/117180102405872377","error":""},"_links":{"self":[{"href":"https:\/\/www.europesays.com\/at\/wp-json\/wp\/v2\/posts\/363438","targetHints":{"allow":["GET"]}}],"collection":[{"href":"https:\/\/www.europesays.com\/at\/wp-json\/wp\/v2\/posts"}],"about":[{"href":"https:\/\/www.europesays.com\/at\/wp-json\/wp\/v2\/types\/post"}],"author":[{"embeddable":true,"href":"https:\/\/www.europesays.com\/at\/wp-json\/wp\/v2\/users\/2"}],"replies":[{"embeddable":true,"href":"https:\/\/www.europesays.com\/at\/wp-json\/wp\/v2\/comments?post=363438"}],"version-history":[{"count":0,"href":"https:\/\/www.europesays.com\/at\/wp-json\/wp\/v2\/posts\/363438\/revisions"}],"wp:featuredmedia":[{"embeddable":true,"href":"https:\/\/www.europesays.com\/at\/wp-json\/wp\/v2\/media\/363439"}],"wp:attachment":[{"href":"https:\/\/www.europesays.com\/at\/wp-json\/wp\/v2\/media?parent=363438"}],"wp:term":[{"taxonomy":"category","embeddable":true,"href":"https:\/\/www.europesays.com\/at\/wp-json\/wp\/v2\/categories?post=363438"},{"taxonomy":"post_tag","embeddable":true,"href":"https:\/\/www.europesays.com\/at\/wp-json\/wp\/v2\/tags?post=363438"}],"curies":[{"name":"wp","href":"https:\/\/api.w.org\/{rel}","templated":true}]}}