{"id":363676,"date":"2026-08-29T21:04:16","date_gmt":"2026-08-29T21:04:16","guid":{"rendered":"https:\/\/www.europesays.com\/at\/363676\/"},"modified":"2026-08-29T21:04:16","modified_gmt":"2026-08-29T21:04:16","slug":"wac-coach-silberberger-dauerdruck-vom-gak-1902-und-zwei-blaue-augen-video","status":"publish","type":"post","link":"https:\/\/www.europesays.com\/at\/363676\/","title":{"rendered":"WAC-Coach Silberberger: &#8222;Dauerdruck&#8220; vom GAK 1902 und &#8222;zwei blaue Augen&#8220; [Video]"},"content":{"rendered":"<p>\t\t\t\t\t\t\t\t\t\t\t\t\t\t\t <img decoding=\"async\" src=\"https:\/\/www.europesays.com\/at\/wp-content\/uploads\/2026\/08\/1788037453_500_gak.png\" alt=\"\"\/> <\/p>\n<p>\t\t\t\t\t\t\t\t\t\t\t\t\t\t\t <img decoding=\"async\" src=\"https:\/\/www.europesays.com\/at\/wp-content\/uploads\/2026\/08\/1788037454_867_wolfsberger-ac.png\" alt=\"\"\/> <\/p>\n<p>Nach dem gelungenen Auftakt in die <a href=\"https:\/\/www.ligaportal.at\/bundesliga\/\" rel=\"nofollow noopener\" target=\"_blank\">Bundesliga<\/a>-Saison 2026\/27 mit dem 3:0 gegen die Wiener Austria und dem 1:1, ebenfalls daheim, gegen den FC Red Bull Salzburg, einem weiteren Eurofighter, ist der\u00a0<a href=\"https:\/\/ticker.ligaportal.at\/mannschaft\/3\/rz-pellets-wac\" rel=\"nofollow noopener\" target=\"_blank\">WAC<\/a>\u00a0mittlerweile wieder auf dem Boden der Tatsachen gelandet. In Teil eins des Ausw\u00e4rts-Doppels vor zwei Wochen gab es die 1:2-Niederlage im L\u00e4ndle bei Aufsteiger SC Austria Lustenau und heute beim\u00a0<a href=\"https:\/\/ticker.ligaportal.at\/mannschaft\/2278\/gak-1902\" rel=\"nofollow noopener\" target=\"_blank\">GAK 1902<\/a>\u00a0ein, wenn auch \u00fcber 70 Minuten in Unterzahl, gl\u00fcckliches, erk\u00e4mpftes 0:0. Und jetzt kommen auch noch am Dienstag im Nachtragsspiel die \u00dcberflieger des<a href=\"https:\/\/ticker.ligaportal.at\/mannschaft\/6\/lask-linz\" rel=\"nofollow noopener\" target=\"_blank\"> LASK<\/a>\u00a0ins Lavanttal. Vorher gibts Wolfsberger Wortspenden!<\/p>\n<p><img decoding=\"async\" src=\"https:\/\/www.europesays.com\/at\/wp-content\/uploads\/2026\/08\/wohlmuth-wac-beim-gak-29-08-26-gepa-admiral-pumann.jpg\" alt=\"\"\/><\/p>\n<p>Fabian Wohlmuth und die W\u00f6lfe verteidigten mit Gl\u00fcck und Geschick in 80-min\u00fctiger Unterzahl in Graz-Liebenau ein Remis gegen den dominanten GAK 1902. Besonders bei Goalie G\u00fctlbauer konnte sich der WAC heute bedanken.<\/p>\n<p>\u201eVielleicht hat dieser Spielverlauf uns jetzt ein bisschen die Augen ge\u00f6ffnet, dass wir scharf sein m\u00fcssen&#8220;<\/p>\n<p class=\"elementToProof\">Thomas Silberberger (Trainer RZ Pellets WAC) \u00fcber&#8230;<\/p>\n<p class=\"elementToProof\">\u2026das Spiel: <\/p>\n<p class=\"elementToProof\">\u201eDie Rote in der 15. Minute war eigentlich eine Kettenreaktion, bei der wir nicht ins Spiel gekommen sind, weil wir alle Zweik\u00e4mpfe davor verloren haben. Das, was wir explizit die ganze Woche angesprochen haben, ist dann komplett in die verkehrte Richtung gelaufen. <\/p>\n<p class=\"elementToProof\">Dann haben wir nat\u00fcrlich viel Gl\u00fcck gehabt, brauchen wir nicht reden. Vielleicht hat dieser Spielverlauf uns jetzt ein bisschen die Augen ge\u00f6ffnet, dass wir scharf sein m\u00fcssen. Nicht erst scharf sein, wenn es dann passiert ist.\u00a0 Von dem her, ist das Spiel eigentlich kaum zu bewerten.\u201c<\/p>\n<p class=\"elementToProof\">\u2026die Anfangsphase:<\/p>\n<p class=\"elementToProof\">\u201eWir haben die ganze Woche gewusst, dass das kommt. Wir haben die ganze Woche darauf hintrainiert, dass diese Intensit\u00e4t kommt. Dann sind wir einfach auf die zweiten B\u00e4lle schluderhaft und so weiter und sofort. Dann passiert es, dass wir eine rote Karte kriegen. Dann pl\u00f6tzlich wird der Schalter irgendwann umgelegt. Nat\u00fcrlich brauchst du dann viel Gl\u00fcck \u00fcber 80 Minuten, ist kein Thema.\u201c<\/p>\n<p class=\"elementToProof\">\u2026seinen Jubel nach dem Schlusspfiff:<\/p>\n<p class=\"elementToProof\">\u201eAm Ende des Tages, musst du als Trainer drau\u00dfen teilweise vieles \u00fcber dich ergehen lassen. Du hast ja gesehen, dass Dauerdruck ist und der GAK uns mit einem mehr \u00fcber 80 Minuten reindr\u00fcckt. Das war auch klar. Als Trainer musst du der Mannschaft auch immer wieder von drau\u00dfen ein Gef\u00fchl mitgeben.\u201c<\/p>\n<p>\u201e&#8230;dann werden wir das eine oder andere Mal nicht mit zwei blauen Augen rauskommen&#8220;<\/p>\n<p class=\"elementToProof\">\u2026die Zweikampff\u00fchrung seiner Mannschaft:<\/p>\n<p class=\"elementToProof\">\u201eIch habe es gerade danach im Kreis gesagt, wer es jetzt nicht kapiert hat, dass das die \u00d6sterreichische Bundesliga ist, dass ich auch einmal \u00fcber die Zweik\u00e4mpfe ins Spiel kommen muss und will als WAC, dann werden wir es am Dienstag genauso schwer haben. Das, glaube ich, liegt auf der Hand. <\/p>\n<p class=\"elementToProof\">Das gibt einfach die Intensit\u00e4t der \u00d6sterreichischen Bundesliga her mit ihren Mannschaften. Wenn man da nicht scharf ist und die Zweik\u00e4mpfe f\u00fchrt, dann werden wir schon das eine oder andere Mal nicht mit zwei blauen Augen rauskommen aus der Partie.\u201c<\/p>\n<p><img decoding=\"async\" src=\"https:\/\/www.europesays.com\/at\/wp-content\/uploads\/2026\/08\/guetlbauer-lukas-wac-torhueter-26-09-23-harry-dostal-pumann.jpg\" alt=\"\"\/><\/p>\n<p>\u201eEin sehr harter, aber ein sehr geiler Arbeitstag&#8220;<\/p>\n<p class=\"elementToProof\">Lukas G\u00fctlbauer (Torh\u00fcter RZ Pellets WAC) \u00fcber..<\/p>\n<p class=\"elementToProof\">\u2026was das f\u00fcr ein Arbeitstag f\u00fcr ihn war: \u201eEin sehr harter, aber ein sehr geiler.\u201c<\/p>\n<p class=\"elementToProof\">\u2026seine Paraden: \u201eDas sind genau die Sachen, wof\u00fcr man jeden Tag hart trainiert. Dass du dann in so einem Spiel so den Punkt dar\u00fcber bekommst und als Torwart zu null spielst, ist einfach wundersch\u00f6n. Ich bin \u00fcbergl\u00fccklich.\u201c<\/p>\n<p>\u201eEin sehr ungl\u00fccklicher Verlauf\u201c<\/p>\n<p class=\"elementToProof\">Simon Piesinger (Abwehrpieler RZ Pellets WAC) \u00fcber&#8230;<\/p>\n<p class=\"elementToProof\">\u2026den Spielverlauf:<\/p>\n<p class=\"elementToProof\">\u201eEin sehr ungl\u00fccklicher Verlauf. Was mich mehr st\u00f6rt, ist aber die Anfangsphase, in der wir noch 11-gegen-11 gespielt haben. Da waren wir eigentlich gar nicht im Spiel. Die rote Karte war eigentlich sinnbildlich f\u00fcr die ersten 15 Minuten. Wir haben einfach gar nicht ins Spiel gefunden, keine Zweik\u00e4mpfe gewonnen, keine Zweik\u00e4mpfe angenommen. <\/p>\n<p class=\"elementToProof\">Mit einem Mann weniger war das dann besser, wir haben uns auf das Verteidigen konzentriert. Wir hatten nat\u00fcrlich viel zu tun, G\u00fctlbauer war \u00fcberragend im Tor. Wir hatten auch das n\u00f6tige Gl\u00fcck und am Ende des Tages k\u00f6nnen wir mit dem Punkt auch sehr gut leben.\u201c<\/p>\n<p>\u201eMan ist immer Zweiter und ist immer nur am Nachlaufen&#8220;<\/p>\n<p class=\"elementToProof\">\u2026die Anfangsphase:<\/p>\n<p class=\"elementToProof\">\u201eDie Gr\u00fcnde sind erster, zweiter, dritter Ball. Man gewinnt den ersten Zweikampf nicht, muss den zweiten dann gewinnen und gewinnt ihn auch nicht. Wenn man diese Zweik\u00e4mpfe nicht gewinnt, findet man nicht ins Spiel. <\/p>\n<p class=\"elementToProof\">Man ist immer Zweiter und ist immer nur am Nachlaufen. Da m\u00fcssen wir schauen, dass wir das von Anfang an in den Griff bekommen.\u201c<\/p>\n<p class=\"elementToProof\">&#8230;was er aus dem Spiel mitnimmt:<\/p>\n<p class=\"elementToProof\">\u201eDie Mannschaftsleistung, das Defensive, die Kompaktheit. Dass wir alles reingeworfen haben, alles verteidigt haben mit allen Mitteln. Das nehmen wir mit. <\/p>\n<p class=\"elementToProof\">Wir wissen, wenn wir kompakt sind und gut umschalten, ist es momentan sicher einfacher f\u00fcr uns, wie wenn wir 1 gegen 1 alles anlaufen und die Zweik\u00e4mpfe nicht gewinnen.\u201c<\/p>\n<p>Siehe auch:<\/p>\n<p class=\"mt-0 mb-1 text-darkblue\" itemprop=\"headline\"><a class=\"text-darkblue\" href=\"https:\/\/www.ligaportal.at\/bundesliga\/allgemein\/22277-gak-1902-coach-scheiblehner-tormann-plus-viel-glueck-vom-wac-haben-sieg-verhindert\" rel=\"nofollow noopener\" target=\"_blank\">GAK 1902-Coach Scheiblehner: \u201eTormann plus viel Gl\u00fcck vom WAC haben Sieg verhindert\u201c\u00a0VIDEO<\/a><\/p>\n<p class=\"mt-0 mb-1 text-darkblue\" itemprop=\"headline\"><a class=\"text-darkblue\" href=\"https:\/\/www.ligaportal.at\/bundesliga\/spielberichte\/22271-remis-bei-scheiblehner-debuet-gak-1902-betreibt-chancenwucher-vs-dezimierten-wac\" rel=\"nofollow noopener\" target=\"_blank\">Remis bei Scheiblehner-Deb\u00fct: GAK 1902 betreibt Chancenwucher vs dezimierten WAC<\/a><\/p>\n<p><a href=\"https:\/\/ticker.ligaportal.at\/live-ticker\/1260157\/gak-1902-gegen-rz-pellets-wac\" rel=\"nofollow noopener\" target=\"_blank\">Spielfilm im Liveticker<\/a><\/p>\n<p class=\"mt-0 mb-1 text-darkblue\" itemprop=\"headline\"><a class=\"text-darkblue\" href=\"https:\/\/www.ligaportal.at\/bundesliga\/allgemein\/22274-kapitaen-von-bord-wac-nach-einer-viertelstunde-zu-zehnt-beim-gak-1902\" rel=\"nofollow noopener\" target=\"_blank\">Kapit\u00e4n von Bord! WAC nach einer Viertelstunde zu zehnt beim GAK 1902<\/a><\/p>\n<p>Statement-Quelle: Sky Sport Austria<\/p>\n<p>Fotocredit: Gepa-Admiral und Harry Dostal\/www.sport-bilder.at<\/p>\n","protected":false},"excerpt":{"rendered":"Nach dem gelungenen Auftakt in die Bundesliga-Saison 2026\/27 mit dem 3:0 gegen die Wiener Austria und dem 1:1,&hellip;\n","protected":false},"author":2,"featured_media":363677,"comment_status":"","ping_status":"","sticky":false,"template":"","format":"standard","meta":{"footnotes":"","_share_on_mastodon":"0"},"categories":[18],"tags":[46,42,91665,112,23130,44,109,108,971],"class_list":["post-363676","post","type-post","status-publish","format-standard","has-post-thumbnail","category-sport","tag-at","tag-austria","tag-chancenwucher","tag-gak-1902","tag-gerald-scheiblehner","tag-oesterreich","tag-sport","tag-sports","tag-wac"],"share_on_mastodon":{"url":"https:\/\/pubeurope.com\/@at\/117180830361203206","error":""},"_links":{"self":[{"href":"https:\/\/www.europesays.com\/at\/wp-json\/wp\/v2\/posts\/363676","targetHints":{"allow":["GET"]}}],"collection":[{"href":"https:\/\/www.europesays.com\/at\/wp-json\/wp\/v2\/posts"}],"about":[{"href":"https:\/\/www.europesays.com\/at\/wp-json\/wp\/v2\/types\/post"}],"author":[{"embeddable":true,"href":"https:\/\/www.europesays.com\/at\/wp-json\/wp\/v2\/users\/2"}],"replies":[{"embeddable":true,"href":"https:\/\/www.europesays.com\/at\/wp-json\/wp\/v2\/comments?post=363676"}],"version-history":[{"count":0,"href":"https:\/\/www.europesays.com\/at\/wp-json\/wp\/v2\/posts\/363676\/revisions"}],"wp:featuredmedia":[{"embeddable":true,"href":"https:\/\/www.europesays.com\/at\/wp-json\/wp\/v2\/media\/363677"}],"wp:attachment":[{"href":"https:\/\/www.europesays.com\/at\/wp-json\/wp\/v2\/media?parent=363676"}],"wp:term":[{"taxonomy":"category","embeddable":true,"href":"https:\/\/www.europesays.com\/at\/wp-json\/wp\/v2\/categories?post=363676"},{"taxonomy":"post_tag","embeddable":true,"href":"https:\/\/www.europesays.com\/at\/wp-json\/wp\/v2\/tags?post=363676"}],"curies":[{"name":"wp","href":"https:\/\/api.w.org\/{rel}","templated":true}]}}