{"id":363694,"date":"2026-08-29T21:23:12","date_gmt":"2026-08-29T21:23:12","guid":{"rendered":"https:\/\/www.europesays.com\/at\/363694\/"},"modified":"2026-08-29T21:23:12","modified_gmt":"2026-08-29T21:23:12","slug":"lang-doppelpack-lask-nach-celtic-wunder-auch-gegen-altach-furios","status":"publish","type":"post","link":"https:\/\/www.europesays.com\/at\/363694\/","title":{"rendered":"Lang-Doppelpack &#8211; LASK nach Celtic-Wunder auch gegen Altach furios"},"content":{"rendered":"<p><img decoding=\"async\" alt=\"Kommentare Banner - Die Stimme \u00d6sterreichs\" class=\"comments-banner\" src=\"https:\/\/www.europesays.com\/at\/wp-content\/uploads\/2026\/08\/1788038592_115_8899051.png\"\/><\/p>\n<p class=\"c_info\"> Liebe Leserin, lieber Leser,<\/p>\n<p>die Kommentarfunktion steht Ihnen ab 6 Uhr wieder wie gewohnt zur Verf\u00fcgung. <\/p>\n<p>Mit freundlichen Gr\u00fc\u00dfen<br \/>das krone.at-Team <\/p>\n<p class=\"comments-coral__text krn-cls\" data-cls=\"2000\"> User-Beitr\u00e4ge geben nicht notwendigerweise die Meinung des Betreibers\/der Redaktion bzw. von Krone Multimedia (KMM) wieder. In diesem Sinne distanziert sich die Redaktion\/der Betreiber von den Inhalten in diesem Diskussionsforum. KMM beh\u00e4lt sich insbesondere vor, gegen geltendes Recht versto\u00dfende, den guten Sitten oder der <a href=\"https:\/\/www.krone.at\/514825\" title=\"Netiquette\" rel=\"nofollow noopener\" target=\"_blank\">Netiquette<\/a> widersprechende bzw. dem Ansehen von KMM zuwiderlaufende Beitr\u00e4ge zu l\u00f6schen, diesbez\u00fcglichen Schadenersatz gegen\u00fcber dem betreffenden User geltend zu machen, die Nutzer-Daten zu Zwecken der Rechtsverfolgung zu verwenden und strafrechtlich relevante Beitr\u00e4ge zur Anzeige zu bringen (siehe auch <a href=\"https:\/\/www.krone.at\/434475\" title=\"AGB\" rel=\"nofollow noopener\" target=\"_blank\">AGB<\/a>). <a href=\"https:\/\/www.krone.at\/3174387\" rel=\"nofollow noopener\" target=\"_blank\">Hier<\/a> k\u00f6nnen Sie das Community-Team via unserer Melde- und Abhilfestelle kontaktieren. <\/p>\n","protected":false},"excerpt":{"rendered":"Liebe Leserin, lieber Leser, die Kommentarfunktion steht Ihnen ab 6 Uhr wieder wie gewohnt zur Verf\u00fcgung. Mit freundlichen&hellip;\n","protected":false},"author":2,"featured_media":363695,"comment_status":"","ping_status":"","sticky":false,"template":"","format":"standard","meta":{"footnotes":"","_share_on_mastodon":"0"},"categories":[18],"tags":[14494,91697,46,42,91698,37276,1399,79885,74105,26990,39463,4267,90404,39703,26993,27195,50665,91699,33984,15325,57178,3588,26537,2356,52016,91700,55079,26997,32539,44,76018,15327,91701,109,108,316,91702,89499,35568,27006],"class_list":["post-363694","post","type-post","status-publish","format-standard","has-post-thumbnail","category-sport","tag-alessandro-schoepf","tag-andrade","tag-at","tag-austria","tag-bello","tag-benjamin-boeckle","tag-celtic-glasgow","tag-christoph-lang","tag-danek","tag-demaku","tag-diawara","tag-dietmar-kuehbauer","tag-florian-flecker","tag-george-bello","tag-greil","tag-horvath","tag-joao-tornich","tag-joergensen","tag-jungwirth","tag-kasper-joergensen","tag-krystof-danek","tag-kuehbauer","tag-lang","tag-lask","tag-marko-raguz","tag-mbuyamba","tag-melayro-bogarde","tag-milojevic","tag-moses-usor","tag-oesterreich","tag-robert-ljubicic","tag-samuel-adeniran","tag-schoepf","tag-sport","tag-sports","tag-stojanovic","tag-tornich","tag-usor","tag-xavier-mbuyamba","tag-yann-massombo"],"share_on_mastodon":{"url":"","error":"Validation failed: Text character limit of 500 exceeded"},"_links":{"self":[{"href":"https:\/\/www.europesays.com\/at\/wp-json\/wp\/v2\/posts\/363694","targetHints":{"allow":["GET"]}}],"collection":[{"href":"https:\/\/www.europesays.com\/at\/wp-json\/wp\/v2\/posts"}],"about":[{"href":"https:\/\/www.europesays.com\/at\/wp-json\/wp\/v2\/types\/post"}],"author":[{"embeddable":true,"href":"https:\/\/www.europesays.com\/at\/wp-json\/wp\/v2\/users\/2"}],"replies":[{"embeddable":true,"href":"https:\/\/www.europesays.com\/at\/wp-json\/wp\/v2\/comments?post=363694"}],"version-history":[{"count":0,"href":"https:\/\/www.europesays.com\/at\/wp-json\/wp\/v2\/posts\/363694\/revisions"}],"wp:featuredmedia":[{"embeddable":true,"href":"https:\/\/www.europesays.com\/at\/wp-json\/wp\/v2\/media\/363695"}],"wp:attachment":[{"href":"https:\/\/www.europesays.com\/at\/wp-json\/wp\/v2\/media?parent=363694"}],"wp:term":[{"taxonomy":"category","embeddable":true,"href":"https:\/\/www.europesays.com\/at\/wp-json\/wp\/v2\/categories?post=363694"},{"taxonomy":"post_tag","embeddable":true,"href":"https:\/\/www.europesays.com\/at\/wp-json\/wp\/v2\/tags?post=363694"}],"curies":[{"name":"wp","href":"https:\/\/api.w.org\/{rel}","templated":true}]}}