{"id":363744,"date":"2026-08-29T22:06:13","date_gmt":"2026-08-29T22:06:13","guid":{"rendered":"https:\/\/www.europesays.com\/at\/363744\/"},"modified":"2026-08-29T22:06:13","modified_gmt":"2026-08-29T22:06:13","slug":"flughafen-leipzig-drohnen-attacke-berlin-beschuldigt-wohl-kreml","status":"publish","type":"post","link":"https:\/\/www.europesays.com\/at\/363744\/","title":{"rendered":"Flughafen Leipzig &#8211; Drohnen-Attacke: Berlin beschuldigt wohl Kreml"},"content":{"rendered":"<p>Kreml sieht Beziehungen zu Europa bedroht<br \/>Der Kreml lie\u00df indes durch seinen Sprecher Dmitri Peskow wissen, man sehe keine Aussicht auf verbesserte Beziehungen zur Europ\u00e4ischen Union. Europa treffe Aussagen, die darauf hindeuteten, dass es Russland als \u201eGegner und sogar als Feind\u201c betrachte. Auf welche \u00c4u\u00dferungen sich Peskow genau bezog, blieb zun\u00e4chst unklar. Die derzeitigen EU-Politiker verhielten sich Russland gegen\u00fcber konfrontativ, \u201enicht nur in Worten, sondern auch in Taten\u201c, f\u00fcgt er hinzu. \u201eSie mobilisieren die milit\u00e4rischen F\u00e4higkeiten Europas und richten sie gegen unser Land, w\u00e4hrend sie sich direkt an Feindseligkeiten gegen uns beteiligen.\u201c<\/p>\n","protected":false},"excerpt":{"rendered":"Kreml sieht Beziehungen zu Europa bedrohtDer Kreml lie\u00df indes durch seinen Sprecher Dmitri Peskow wissen, man sehe keine&hellip;\n","protected":false},"author":2,"featured_media":363745,"comment_status":"","ping_status":"","sticky":false,"template":"","format":"standard","meta":{"footnotes":"","_share_on_mastodon":"0"},"categories":[12],"tags":[47136,7164,2223,91710,741,10123,4411,1029,40,41,52618,1963,39,66,65,64],"class_list":["post-363744","post","type-post","status-publish","format-standard","has-post-thumbnail","category-welt","tag-alexander-dobrindt","tag-dmitri-peskow","tag-europaeischen-union","tag-flughafen-leipzig","tag-friedrich-merz","tag-irland","tag-kreml","tag-leipzig","tag-nachrichten","tag-news","tag-peskow","tag-russland","tag-schlagzeilen","tag-welt","tag-world","tag-world-news"],"share_on_mastodon":{"url":"https:\/\/pubeurope.com\/@at\/117181073704844480","error":""},"_links":{"self":[{"href":"https:\/\/www.europesays.com\/at\/wp-json\/wp\/v2\/posts\/363744","targetHints":{"allow":["GET"]}}],"collection":[{"href":"https:\/\/www.europesays.com\/at\/wp-json\/wp\/v2\/posts"}],"about":[{"href":"https:\/\/www.europesays.com\/at\/wp-json\/wp\/v2\/types\/post"}],"author":[{"embeddable":true,"href":"https:\/\/www.europesays.com\/at\/wp-json\/wp\/v2\/users\/2"}],"replies":[{"embeddable":true,"href":"https:\/\/www.europesays.com\/at\/wp-json\/wp\/v2\/comments?post=363744"}],"version-history":[{"count":0,"href":"https:\/\/www.europesays.com\/at\/wp-json\/wp\/v2\/posts\/363744\/revisions"}],"wp:featuredmedia":[{"embeddable":true,"href":"https:\/\/www.europesays.com\/at\/wp-json\/wp\/v2\/media\/363745"}],"wp:attachment":[{"href":"https:\/\/www.europesays.com\/at\/wp-json\/wp\/v2\/media?parent=363744"}],"wp:term":[{"taxonomy":"category","embeddable":true,"href":"https:\/\/www.europesays.com\/at\/wp-json\/wp\/v2\/categories?post=363744"},{"taxonomy":"post_tag","embeddable":true,"href":"https:\/\/www.europesays.com\/at\/wp-json\/wp\/v2\/tags?post=363744"}],"curies":[{"name":"wp","href":"https:\/\/api.w.org\/{rel}","templated":true}]}}