{"id":363766,"date":"2026-08-29T22:24:18","date_gmt":"2026-08-29T22:24:18","guid":{"rendered":"https:\/\/www.europesays.com\/at\/363766\/"},"modified":"2026-08-29T22:24:18","modified_gmt":"2026-08-29T22:24:18","slug":"deko-kette-schliesst-alle-filialen-730-mitarbeiter-verlieren-ihre-jobs-news","status":"publish","type":"post","link":"https:\/\/www.europesays.com\/at\/363766\/","title":{"rendered":"Deko-Kette schlie\u00dft alle Filialen: 730 Mitarbeiter verlieren ihre Jobs | News"},"content":{"rendered":"<p><a class=\"skip-content skip-content--link\" href=\"#in-content-skip-link-target-v-0-0\">TTS-Player \u00fcberspringen\u21b5<\/a><a id=\"in-content-skip-link-target-v-0-0\" class=\"skip-content--target-link-hidden skip-content skip-content--target-link\" href=\"#in-content-skip-link-target-v-0-0\">Artikel weiterlesen<\/a><\/p>\n<p>Das Aus von Depot ist besiegelt! S\u00e4mtliche Arbeitsverh\u00e4ltnisse und Mietvertr\u00e4ge werden zum 30. September gek\u00fcndigt. Dann stellt die insolvente GDC Deutschland GmbH, die hinter der beliebten Deko-Kette steckt, den Gesch\u00e4ftsbetrieb ein. Rund 730 Jobs fallen weg.<\/p>\n<p>Bereits Ende Juni wurde die <a href=\"https:\/\/www.bild.de\/news\/inland\/deko-kette-insolvent-depot-schliesst-66-filialen-die-komplette-liste-6a40e5f7113e90346dc4fd08\" class=\"text-link\" rel=\"nofollow noopener\" target=\"_blank\">Schlie\u00dfung von 66 der damals rund 150 Filialen<\/a> bekannt gegeben. Bis Anfang August kamen etwa 30 weitere Standorte hinzu. Zuletzt war noch geplant, etwa<a href=\"https:\/\/www.bild.de\/news\/inland\/deko-kette-will-ueber-100-filialen-dichtmachen-6a6c60e55aee44c118a94b25\" class=\"text-link\" rel=\"nofollow noopener\" target=\"_blank\"> 50 eigene Filialen weiterzuf\u00fchren<\/a>. Doch daraus wird jetzt nichts. Nach Angaben von Unternehmer Christian Gries ist die Kasse inzwischen so leer, dass selbst die nach der <a href=\"https:\/\/www.bild.de\/themen\/specials\/insolvenz\/finanzen-nachrichten-news-fotos-videos-21175522.bild.html\" class=\"text-link\" rel=\"nofollow noopener\" target=\"_blank\">Insolvenz<\/a> anfallenden Kosten und Verpflichtungen nicht mehr vollst\u00e4ndig bezahlt werden k\u00f6nnen.<\/p>\n<p>Die Gr\u00fcnde f\u00fcr Insolvenz und Aus<\/p>\n<p>Das Unternehmen mit Sitz im bayerischen Gro\u00dfostheim hatte <a href=\"https:\/\/www.bild.de\/regional\/bayern\/depot-erneut-insolvent-deko-kette-plant-filialschliessungen-und-kuendigungen-6a0adf1d71d1a924f943cda5\" class=\"text-link\" rel=\"nofollow noopener\" target=\"_blank\">im Mai Insolvenz in Eigenverwaltung angemeldet<\/a>. Als Gr\u00fcnde f\u00fcr die Krise nennt Gries die schwache Konsumlaune der Kunden und die wachsende Konkurrenz durch asiatische Billigplattformen wie Temu. Auch Sanierungsexperte Alexander H\u00f6pfner von der Kanzlei ACT Tischendorf sieht keine Alternative zu dem harten Schritt. Gegen\u00fcber der \u201eLebensmittel Zeitung\u201c erkl\u00e4rte er, die Finanzierung und der Fortbestand der Kette seien \u00fcber September hinaus nicht gesichert. Weder Gries noch H\u00f6pfner \u00e4u\u00dferten sich bislang auf BILD-Anfrage.<\/p>\n<p><img decoding=\"async\" width=\"992\" height=\"600\" alt=\"Eine Filiale der beliebten Deko-Kette in Bielefeld\" loading=\"lazy\" src=\"https:\/\/www.europesays.com\/at\/wp-content\/uploads\/2026\/08\/dbc11eee683738edaee5861c83df634e,1f861c36.jpeg\"   class=\"dynamic\"\/><\/p>\n<p class=\"fig__caption__text\">Eine Filiale der beliebten Deko-Kette in Bielefeld<\/p>\n<p>Foto: picture alliance\/teutopress<\/p>\n<p>Was der Chef der Kette vorhat<\/p>\n<p>Ganz aufgeben will Gries die Marke trotz <a href=\"https:\/\/www.bild.de\/themen\/specials\/kuendigung\/news-fotos-videos-17009960.bild.html\" class=\"text-link\" rel=\"nofollow noopener\" target=\"_blank\">K\u00fcndigungen<\/a> aber nicht. Sie soll in eine andere Gesellschaft \u00fcberf\u00fchrt und mit deutlich kleinerer Mannschaft fortgef\u00fchrt werden. \u201eWir werden mit den Vermietern in Dialog gehen, um neue Mietvertr\u00e4ge abzuschlie\u00dfen. Depot wird nicht verschwinden\u201c, sagte Gries. Offen ist allerdings, wie viele der aktuell noch rund 50 verbliebenen Filialen tats\u00e4chlich gerettet werden k\u00f6nnen. Die <a href=\"https:\/\/www.bild.de\/themen\/specials\/jobsuche\/ratgeber-karriere-nachrichten-news-fotos-videos-17041556.bild.html\" class=\"text-link\" rel=\"nofollow noopener\" target=\"_blank\">Jobs<\/a> sind auf jeden Fall schon weg.<\/p>\n<p>Krise im deutschen Einzelhandel<\/p>\n<p>Zus\u00e4tzlich verhandelt der Unternehmer \u00fcber kleinere Depot-Shops, die in Rewe- oder Edeka-M\u00e4rkten stehen. Besonders bitter: Depot geh\u00f6rte einst zu den gr\u00f6\u00dften Deko-H\u00e4ndlern Deutschlands. Vor einigen Jahren betrieb die Kette noch rund 400 Gesch\u00e4fte. Bereits 2024 ging das <a href=\"https:\/\/www.bild.de\/themen\/organisationen\/unternehmen\/news-fotos-videos-5n9Nevv68FAFS89DJteg\" class=\"text-link\" rel=\"nofollow noopener\" target=\"_blank\">Unternehmen<\/a> pleite. <\/p>\n<p>Mehr zum Thema<\/p>\n<p>Depot ist nicht allein. Der <a href=\"https:\/\/www.bild.de\/themen\/organisationen\/einzelhandel\/news-nachrichten-news-fotos-videos-33317474.bild.html\" class=\"text-link\" rel=\"nofollow noopener\" target=\"_blank\">Einzelhandel<\/a> k\u00e4mpft damit, dass Verbraucher weniger ausgeben und immer mehr online kaufen. Zuletzt gerieten auch die Non-Food-Discounter Kodi und <a href=\"https:\/\/www.bild.de\/news\/inland\/insolvenz-bekannter-discounter-schliesst-50-filialen-6a70b68babec2d71c8bee7e5\" class=\"text-link\" rel=\"nofollow noopener\" target=\"_blank\">M\u00e4c Geiz<\/a> sowie die <a href=\"https:\/\/www.bild.de\/news\/inland\/insolvente-baumarkt-kette-wird-zerschlagen-filialen-werden-einzeln-verkauft-6a8700152073297bd594c17d\" class=\"text-link\" rel=\"nofollow noopener\" target=\"_blank\">Baumarkt-Kette Hellweg<\/a> in finanzielle Schwierigkeiten und meldeten Insolvenz an.<\/p>\n","protected":false},"excerpt":{"rendered":"TTS-Player \u00fcberspringen\u21b5Artikel weiterlesen Das Aus von Depot ist besiegelt! S\u00e4mtliche Arbeitsverh\u00e4ltnisse und Mietvertr\u00e4ge werden zum 30. September gek\u00fcndigt.&hellip;\n","protected":false},"author":2,"featured_media":363767,"comment_status":"","ping_status":"","sticky":false,"template":"","format":"standard","meta":{"footnotes":"","_share_on_mastodon":"0"},"categories":[14],"tags":[46845,46,42,95,90,89,91712,654,1672,961,45454,5180,13081,1143,91,94,218,5003,44,11256,56638,19580,4614,93,92,34614,255],"class_list":["post-363766","post","type-post","status-publish","format-standard","has-post-thumbnail","category-unternehmen-maerkte","tag-arbeitsplatz","tag-at","tag-austria","tag-business","tag-companies","tag-companies-markets","tag-dekoration","tag-einrichtung","tag-einzelhandel","tag-insolvenz","tag-job","tag-kosten","tag-krisen","tag-kuendigung","tag-markets","tag-maerkte","tag-mitarbeiter","tag-organisationen","tag-oesterreich","tag-pleite","tag-schroeder-dino","tag-seo-first","tag-shopping","tag-unternehmen","tag-unternehmen-maerkte","tag-unternehmensformen","tag-wirtschaft"],"share_on_mastodon":{"url":"https:\/\/pubeurope.com\/@at\/117181145023685504","error":""},"_links":{"self":[{"href":"https:\/\/www.europesays.com\/at\/wp-json\/wp\/v2\/posts\/363766","targetHints":{"allow":["GET"]}}],"collection":[{"href":"https:\/\/www.europesays.com\/at\/wp-json\/wp\/v2\/posts"}],"about":[{"href":"https:\/\/www.europesays.com\/at\/wp-json\/wp\/v2\/types\/post"}],"author":[{"embeddable":true,"href":"https:\/\/www.europesays.com\/at\/wp-json\/wp\/v2\/users\/2"}],"replies":[{"embeddable":true,"href":"https:\/\/www.europesays.com\/at\/wp-json\/wp\/v2\/comments?post=363766"}],"version-history":[{"count":0,"href":"https:\/\/www.europesays.com\/at\/wp-json\/wp\/v2\/posts\/363766\/revisions"}],"wp:featuredmedia":[{"embeddable":true,"href":"https:\/\/www.europesays.com\/at\/wp-json\/wp\/v2\/media\/363767"}],"wp:attachment":[{"href":"https:\/\/www.europesays.com\/at\/wp-json\/wp\/v2\/media?parent=363766"}],"wp:term":[{"taxonomy":"category","embeddable":true,"href":"https:\/\/www.europesays.com\/at\/wp-json\/wp\/v2\/categories?post=363766"},{"taxonomy":"post_tag","embeddable":true,"href":"https:\/\/www.europesays.com\/at\/wp-json\/wp\/v2\/tags?post=363766"}],"curies":[{"name":"wp","href":"https:\/\/api.w.org\/{rel}","templated":true}]}}