{"id":363850,"date":"2026-08-30T00:04:10","date_gmt":"2026-08-30T00:04:10","guid":{"rendered":"https:\/\/www.europesays.com\/at\/363850\/"},"modified":"2026-08-30T00:04:10","modified_gmt":"2026-08-30T00:04:10","slug":"fahrzeug-ueberschlug-sich-mehrere-verletzte-bei-unfall-auf-pass-thurn-strasse","status":"publish","type":"post","link":"https:\/\/www.europesays.com\/at\/363850\/","title":{"rendered":"Fahrzeug \u00fcberschlug sich: Mehrere Verletzte bei Unfall auf Pass-Thurn-Stra\u00dfe"},"content":{"rendered":"<p _ngcontent-tt-com-www-c3071245697=\"\" data-cy=\"body\">Bei einem Verkehrsunfall auf der Pass-Thurn-Stra\u00dfe (B161) sind am sp\u00e4ten Samstagnachmittag mehrere Personen verletzt worden. Eines der beiden beteiligten Fahrzeuge \u00fcberschlug sich laut ersten Informationen nach dem Zusammensto\u00df.<\/p>\n<p _ngcontent-tt-com-www-c3071245697=\"\" data-cy=\"body\">Der Unfall ereignete sich um kurz nach 17 Uhr. Der Grund f\u00fcr die Kollision war vorerst noch Unklar. Auch \u00fcber die Schwere der Verletzungen war vorerst noch nichts N\u00e4heres bekannt. Die B161 musste f\u00fcr \u00fcber eine Stunde gesperrt werden, es bildete sich rasch ein R\u00fcckstau. Neben der Freiwilligen Feuerwehr Kitzb\u00fchel, war auch ein Rettungshubschrauber, das Rote Kreuz sowie die Polizei vor Ort. (TT.com)<\/p>\n","protected":false},"excerpt":{"rendered":"Bei einem Verkehrsunfall auf der Pass-Thurn-Stra\u00dfe (B161) sind am sp\u00e4ten Samstagnachmittag mehrere Personen verletzt worden. Eines der beiden&hellip;\n","protected":false},"author":2,"featured_media":363851,"comment_status":"","ping_status":"","sticky":false,"template":"","format":"standard","meta":{"footnotes":"","_share_on_mastodon":"0"},"categories":[6],"tags":[46,42,6413,44,89323,43,45,233,232,302,20684],"class_list":["post-363850","post","type-post","status-publish","format-standard","has-post-thumbnail","category-oesterreich","tag-at","tag-austria","tag-kitzbuehel-bezirk","tag-oesterreich","tag-pass-thurn-strasse","tag-republic-of-austria","tag-republik-oesterreich","tag-rettungseinsatz","tag-unfall","tag-verkehrsunfall","tag-zusammenstoss"],"share_on_mastodon":{"url":"https:\/\/pubeurope.com\/@at\/117181537691968413","error":""},"_links":{"self":[{"href":"https:\/\/www.europesays.com\/at\/wp-json\/wp\/v2\/posts\/363850","targetHints":{"allow":["GET"]}}],"collection":[{"href":"https:\/\/www.europesays.com\/at\/wp-json\/wp\/v2\/posts"}],"about":[{"href":"https:\/\/www.europesays.com\/at\/wp-json\/wp\/v2\/types\/post"}],"author":[{"embeddable":true,"href":"https:\/\/www.europesays.com\/at\/wp-json\/wp\/v2\/users\/2"}],"replies":[{"embeddable":true,"href":"https:\/\/www.europesays.com\/at\/wp-json\/wp\/v2\/comments?post=363850"}],"version-history":[{"count":0,"href":"https:\/\/www.europesays.com\/at\/wp-json\/wp\/v2\/posts\/363850\/revisions"}],"wp:featuredmedia":[{"embeddable":true,"href":"https:\/\/www.europesays.com\/at\/wp-json\/wp\/v2\/media\/363851"}],"wp:attachment":[{"href":"https:\/\/www.europesays.com\/at\/wp-json\/wp\/v2\/media?parent=363850"}],"wp:term":[{"taxonomy":"category","embeddable":true,"href":"https:\/\/www.europesays.com\/at\/wp-json\/wp\/v2\/categories?post=363850"},{"taxonomy":"post_tag","embeddable":true,"href":"https:\/\/www.europesays.com\/at\/wp-json\/wp\/v2\/tags?post=363850"}],"curies":[{"name":"wp","href":"https:\/\/api.w.org\/{rel}","templated":true}]}}