{"id":363908,"date":"2026-08-30T01:40:14","date_gmt":"2026-08-30T01:40:14","guid":{"rendered":"https:\/\/www.europesays.com\/at\/363908\/"},"modified":"2026-08-30T01:40:14","modified_gmt":"2026-08-30T01:40:14","slug":"nachtschwaermer-im-bezirk-perg-mit-luftdruckgewehr-bedroht-2","status":"publish","type":"post","link":"https:\/\/www.europesays.com\/at\/363908\/","title":{"rendered":"Nachtschw\u00e4rmer im Bezirk Perg mit Luftdruckgewehr bedroht"},"content":{"rendered":"<p>        <img decoding=\"async\" src=\"https:\/\/www.europesays.com\/at\/wp-content\/uploads\/2026\/08\/63690011494766796_BLD_Online.jpg\" data-fullscreen-src=\"https:\/\/www.noen.at\/image\/3840x0-jpg\/6602755\/63690011494766796_BLD_Online.jpg\" bad-src=\"https:\/\/www.europesays.com\/at\/wp-content\/uploads\/2026\/08\/63690011494766796_BLD_Online.jpg\" data-teaser-member=\"image\" alt=\"Drohung mit Luftdruckgewehr im Bezirk Perg\"\/><\/p>\n<p>\n                Drohung mit Luftdruckgewehr im Bezirk Perg            <\/p>\n<p>\n                Foto:<br \/>\n                APA\/THEMENBILD                            <\/p>\n<p>\n        Im Bezirk Perg sind am sp\u00e4ten Freitagabend vier Nachtschw\u00e4rmer von einem 64-J\u00e4hrigen mit einem Luftdruckgewehr bedroht worden. Sie hatten nach Angaben der Landespolizeidirektion Nieder\u00f6sterreich zuvor sogenannte Klingelstreiche durchgef\u00fchrt. Folge einer Amtshandlung sind ein vorl\u00e4ufiges Waffenverbot und eine Anzeige.    <\/p>\n<p>Ein 27-j\u00e4hriger Hausbewohner hatte bei seiner Heimkehr die Nachtschw\u00e4rmer mit deren Verhalten konfrontiert, woraus eine verbale Auseinandersetzung resultierte. Der 64 Jahre alte Vater des jungen Mannes, der ebenfalls in dem Objekt wohnt, wurde durch den L\u00e4rm geweckt. Als er seinen Sohn sah, nahm er laut Polizei sein Luftdruckgewehr und begab sich damit vor das Haus. Dort repetierte er einmal, ohne dabei Munition in das Patronenlager einzuf\u00fchren, und richtete das Gewehr in Richtung der Nachtschw\u00e4rmer. Das Quartett ging ab und verst\u00e4ndigte via Notruf die Polizei.<\/p>\n","protected":false},"excerpt":{"rendered":"Drohung mit Luftdruckgewehr im Bezirk Perg Foto: APA\/THEMENBILD Im Bezirk Perg sind am sp\u00e4ten Freitagabend vier Nachtschw\u00e4rmer von&hellip;\n","protected":false},"author":2,"featured_media":363909,"comment_status":"","ping_status":"","sticky":false,"template":"","format":"standard","meta":{"footnotes":"","_share_on_mastodon":"0"},"categories":[6],"tags":[277,46,42,899,276,44,43,45,14307],"class_list":["post-363908","post","type-post","status-publish","format-standard","has-post-thumbnail","category-oesterreich","tag-_apafeed","tag-at","tag-austria","tag-ermittlung","tag-oberoesterreich","tag-oesterreich","tag-republic-of-austria","tag-republik-oesterreich","tag-waffengesetze"],"share_on_mastodon":{"url":"https:\/\/pubeurope.com\/@at\/117181915769670314","error":""},"_links":{"self":[{"href":"https:\/\/www.europesays.com\/at\/wp-json\/wp\/v2\/posts\/363908","targetHints":{"allow":["GET"]}}],"collection":[{"href":"https:\/\/www.europesays.com\/at\/wp-json\/wp\/v2\/posts"}],"about":[{"href":"https:\/\/www.europesays.com\/at\/wp-json\/wp\/v2\/types\/post"}],"author":[{"embeddable":true,"href":"https:\/\/www.europesays.com\/at\/wp-json\/wp\/v2\/users\/2"}],"replies":[{"embeddable":true,"href":"https:\/\/www.europesays.com\/at\/wp-json\/wp\/v2\/comments?post=363908"}],"version-history":[{"count":0,"href":"https:\/\/www.europesays.com\/at\/wp-json\/wp\/v2\/posts\/363908\/revisions"}],"wp:featuredmedia":[{"embeddable":true,"href":"https:\/\/www.europesays.com\/at\/wp-json\/wp\/v2\/media\/363909"}],"wp:attachment":[{"href":"https:\/\/www.europesays.com\/at\/wp-json\/wp\/v2\/media?parent=363908"}],"wp:term":[{"taxonomy":"category","embeddable":true,"href":"https:\/\/www.europesays.com\/at\/wp-json\/wp\/v2\/categories?post=363908"},{"taxonomy":"post_tag","embeddable":true,"href":"https:\/\/www.europesays.com\/at\/wp-json\/wp\/v2\/tags?post=363908"}],"curies":[{"name":"wp","href":"https:\/\/api.w.org\/{rel}","templated":true}]}}