{"id":364124,"date":"2026-08-30T05:57:10","date_gmt":"2026-08-30T05:57:10","guid":{"rendered":"https:\/\/www.europesays.com\/at\/364124\/"},"modified":"2026-08-30T05:57:10","modified_gmt":"2026-08-30T05:57:10","slug":"schwestern-ziehen-um-ein-letztes-pfiat-gott-im-kloster-maria-rast","status":"publish","type":"post","link":"https:\/\/www.europesays.com\/at\/364124\/","title":{"rendered":"Schwestern ziehen um &#8211; Ein letztes \u201ePfiat Gott\u201c im Kloster Maria Rast"},"content":{"rendered":"<p>Geb\u00e4ude zu gro\u00df und renovierungsbed\u00fcrftig<br \/>Gemeinsam mit den sechs Schwestern \u2013 Roswitha, Gabriele, Engeltraud, Josefine, Anna und Rafaela \u2013 sitzen am letzten Samstag der 115-j\u00e4hrigen Klostergeschichte auch Pfarrer Novinscak, Nachbarin Christiana und die \u201eKrone\u201c am Tisch. Es wird viel geplaudert, erz\u00e4hlt und gelacht. Bevor die Frauen am Montag in das Grazer Provinzhaus der Ordensgemeinschaft des heiligen Vinzenz von Paul umziehen, lassen sie ihre Tage in der Dult noch einmal Revue passieren.<\/p>\n","protected":false},"excerpt":{"rendered":"Geb\u00e4ude zu gro\u00df und renovierungsbed\u00fcrftigGemeinsam mit den sechs Schwestern \u2013 Roswitha, Gabriele, Engeltraud, Josefine, Anna und Rafaela \u2013&hellip;\n","protected":false},"author":2,"featured_media":364125,"comment_status":"","ping_status":"","sticky":false,"template":"","format":"standard","meta":{"footnotes":"","_share_on_mastodon":"0"},"categories":[29],"tags":[19226,91788,46,42,91789,91790,65379,183,91791,91792,44,70242,91793,91794,91795,91796],"class_list":["post-364124","post","type-post","status-publish","format-standard","has-post-thumbnail","category-graz","tag-anna","tag-anton-novinscak","tag-at","tag-austria","tag-christiana","tag-engeltraud","tag-gabriele","tag-graz","tag-josefine","tag-novinscak","tag-oesterreich","tag-pfarrer","tag-rafaela","tag-roswitha","tag-roswitha-bauer","tag-roswitha-schwestern"],"share_on_mastodon":{"url":"https:\/\/pubeurope.com\/@at\/117182925800675874","error":""},"_links":{"self":[{"href":"https:\/\/www.europesays.com\/at\/wp-json\/wp\/v2\/posts\/364124","targetHints":{"allow":["GET"]}}],"collection":[{"href":"https:\/\/www.europesays.com\/at\/wp-json\/wp\/v2\/posts"}],"about":[{"href":"https:\/\/www.europesays.com\/at\/wp-json\/wp\/v2\/types\/post"}],"author":[{"embeddable":true,"href":"https:\/\/www.europesays.com\/at\/wp-json\/wp\/v2\/users\/2"}],"replies":[{"embeddable":true,"href":"https:\/\/www.europesays.com\/at\/wp-json\/wp\/v2\/comments?post=364124"}],"version-history":[{"count":0,"href":"https:\/\/www.europesays.com\/at\/wp-json\/wp\/v2\/posts\/364124\/revisions"}],"wp:featuredmedia":[{"embeddable":true,"href":"https:\/\/www.europesays.com\/at\/wp-json\/wp\/v2\/media\/364125"}],"wp:attachment":[{"href":"https:\/\/www.europesays.com\/at\/wp-json\/wp\/v2\/media?parent=364124"}],"wp:term":[{"taxonomy":"category","embeddable":true,"href":"https:\/\/www.europesays.com\/at\/wp-json\/wp\/v2\/categories?post=364124"},{"taxonomy":"post_tag","embeddable":true,"href":"https:\/\/www.europesays.com\/at\/wp-json\/wp\/v2\/tags?post=364124"}],"curies":[{"name":"wp","href":"https:\/\/api.w.org\/{rel}","templated":true}]}}