{"id":364340,"date":"2026-08-30T08:40:13","date_gmt":"2026-08-30T08:40:13","guid":{"rendered":"https:\/\/www.europesays.com\/at\/364340\/"},"modified":"2026-08-30T08:40:13","modified_gmt":"2026-08-30T08:40:13","slug":"boxen-neuer-schwergewichtsweltmeister-kommt-aus-kroatien","status":"publish","type":"post","link":"https:\/\/www.europesays.com\/at\/364340\/","title":{"rendered":"Boxen: Neuer Schwergewichtsweltmeister kommt aus Kroatien"},"content":{"rendered":"<p>Der kroatische Boxer Filip Hrgovic ist nach seinem Sieg gegen Moses Itauma aus Gro\u00dfbritannien erstmals Weltmeister im Schwergewicht.<\/p>\n<p>Der 34-J\u00e4hrige bezwingt seinen Kontrahenten in London in der neunten von zw\u00f6lf Runden durch einen technischen K.o. im Duell um den G\u00fcrtel des Verbands IBF (International Boxing Federation).<\/p>\n<p>Hrgovic ist der erste Schwergewichtsweltmeister aus Kroatien.<\/p>\n<p>Itauma kassiert erste Niederlage \u00fcberhaupt<\/p>\n<p>Der 21-j\u00e4hrige Itauma, der nach Punkten in F\u00fchrung liegt, verpasst die Chance, der zweitj\u00fcngste Schwergewichtsweltmeister nach Mike Tyson zu werden. Der Amerikaner war bei seinem ersten WM-Titel am 22. November 1986 20 Jahre alt.<\/p>\n<p>Itauma kassiert zudem die erste Niederlage als Profi. In seinen ersten 14 K\u00e4mpfen hatte er nie \u00fcber die sechste Runde hinausgehen m\u00fcssen.<\/p>\n<p>Titelkampf ohne bisherigen Titeltr\u00e4ger<\/p>\n<p>Itauma dominiert zu Beginn den Kampf und schickt seinen Kontrahenten in der zweiten Runde sogar auf den Boden. Doch der Brite wirkt im Laufe des Kampfes immer ersch\u00f6pfter.<\/p>\n<p>Hrgovic findet besser in das Duell hinein und setzt von Runde zu Runde zunehmend bessere und wirkungsvollere Treffer. Itaumas Ecke wirft schlie\u00dflich in der neunten Runde das Handtuch.<\/p>\n<p>&#8222;Er ist ein gro\u00dfartiger K\u00e4mpfer&#8220;, sagt Hrgovic \u00fcber Itauma. &#8222;Ich bin die Gegenwart. Und er ist definitiv die Zukunft.&#8220;<\/p>\n<p>Urspr\u00fcnglich nicht als Titelkampf geplant<\/p>\n<p>Der Kampf zwischen Hrgovic und Itauma war urspr\u00fcnglich nicht als Titelkampf geplant.<\/p>\n<p>Als der Kampf im Juni angesetzt wurde, sollte er dazu dienen, die m\u00f6glichen Herausforderer f\u00fcr ein Duell mit dem damaligen IBF-Weltmeister Alexander Usyk einzugrenzen.<\/p>\n<p>Der Ukrainer legte jedoch wenige Wochen sp\u00e4ter all seine Titel nieder.<\/p>\n","protected":false},"excerpt":{"rendered":"Der kroatische Boxer Filip Hrgovic ist nach seinem Sieg gegen Moses Itauma aus Gro\u00dfbritannien erstmals Weltmeister im Schwergewicht.&hellip;\n","protected":false},"author":2,"featured_media":364341,"comment_status":"","ping_status":"","sticky":false,"template":"","format":"standard","meta":{"footnotes":"","_share_on_mastodon":"0"},"categories":[18],"tags":[46,42,42968,14210,964,4058,91829,44,91828,109,108],"class_list":["post-364340","post","type-post","status-publish","format-standard","has-post-thumbnail","category-sport","tag-at","tag-austria","tag-boxen","tag-fifa-wm-2026","tag-fussball","tag-fussball-wm","tag-ibf","tag-oesterreich","tag-schwergewicht","tag-sport","tag-sports"],"share_on_mastodon":{"url":"https:\/\/pubeurope.com\/@at\/117183566698409455","error":""},"_links":{"self":[{"href":"https:\/\/www.europesays.com\/at\/wp-json\/wp\/v2\/posts\/364340","targetHints":{"allow":["GET"]}}],"collection":[{"href":"https:\/\/www.europesays.com\/at\/wp-json\/wp\/v2\/posts"}],"about":[{"href":"https:\/\/www.europesays.com\/at\/wp-json\/wp\/v2\/types\/post"}],"author":[{"embeddable":true,"href":"https:\/\/www.europesays.com\/at\/wp-json\/wp\/v2\/users\/2"}],"replies":[{"embeddable":true,"href":"https:\/\/www.europesays.com\/at\/wp-json\/wp\/v2\/comments?post=364340"}],"version-history":[{"count":0,"href":"https:\/\/www.europesays.com\/at\/wp-json\/wp\/v2\/posts\/364340\/revisions"}],"wp:featuredmedia":[{"embeddable":true,"href":"https:\/\/www.europesays.com\/at\/wp-json\/wp\/v2\/media\/364341"}],"wp:attachment":[{"href":"https:\/\/www.europesays.com\/at\/wp-json\/wp\/v2\/media?parent=364340"}],"wp:term":[{"taxonomy":"category","embeddable":true,"href":"https:\/\/www.europesays.com\/at\/wp-json\/wp\/v2\/categories?post=364340"},{"taxonomy":"post_tag","embeddable":true,"href":"https:\/\/www.europesays.com\/at\/wp-json\/wp\/v2\/tags?post=364340"}],"curies":[{"name":"wp","href":"https:\/\/api.w.org\/{rel}","templated":true}]}}