{"id":364652,"date":"2026-08-30T12:19:08","date_gmt":"2026-08-30T12:19:08","guid":{"rendered":"https:\/\/www.europesays.com\/at\/364652\/"},"modified":"2026-08-30T12:19:08","modified_gmt":"2026-08-30T12:19:08","slug":"ergebnis-gak-1902-fc-wacker-innsbruck-03-01","status":"publish","type":"post","link":"https:\/\/www.europesays.com\/at\/364652\/","title":{"rendered":"Ergebnis &#8211; GAK 1902\u00a0&#8211;\u00a0FC Wacker Innsbruck\u00a00:3 (0:1)"},"content":{"rendered":"<p>30.08.2026\u00a0 11:00<\/p>\n<p>Statistik:<\/p>\n<p>GAK 1902\u00a0&#8211;\u00a0FC WACKER INNSBRUCK\u00a00:3 (0:1).<\/p>\n<p>Torfolge:\u00a00:1 (19.)\u00a0Hochmuth, 0:2 (63.)\u00a0Hays, 0:3 (73.)\u00a0Endrizzi.<\/p>\n<p>Gelbe Karten:\u00a0; Endrizzi (72. Unsportlichkeit).<\/p>\n<p>GAK 1902:\u00a0Haller; \u0160aboti\u0107 (76. Mauthner), Mitteregger (69. Sch\u00f6berl), Wildbacher, Baumgartner, Neumann (HZ. Trummer), K\u00fcgerl, Jazbinsek, Allemann (63. Dehlinch), Kraker, Reichmann (HZ. Sch\u00f6nwetter).<\/p>\n<p>FC Wacker Innsbruck:\u00a0Gabriel; Schmitt, Hochmuth, St\u00fctzenberger (69. Endrizzi), Gutensohn, Hays (89. Fender), Tschiers (HZ. Gstrein), Weisskirchen, Schwaninger, Eckert, Neuberger (86. Fitoussi-Hoffmann).<\/p>\n<p>100\u00a0Zuschauer,\u00a0Schiedsrichter:\u00a0Julian Edlinger.<\/p>\n","protected":false},"excerpt":{"rendered":"30.08.2026\u00a0 11:00 Statistik: GAK 1902\u00a0&#8211;\u00a0FC WACKER INNSBRUCK\u00a00:3 (0:1). Torfolge:\u00a00:1 (19.)\u00a0Hochmuth, 0:2 (63.)\u00a0Hays, 0:3 (73.)\u00a0Endrizzi. Gelbe Karten:\u00a0; Endrizzi (72.&hellip;\n","protected":false},"author":2,"featured_media":364653,"comment_status":"","ping_status":"","sticky":false,"template":"","format":"standard","meta":{"footnotes":"","_share_on_mastodon":"0"},"categories":[32],"tags":[2026,4649,46,42,4648,112,193,4647,645,44,109],"class_list":["post-364652","post","type-post","status-publish","format-standard","has-post-thumbnail","category-innsbruck","tag-_isshort","tag-_mf_stub","tag-at","tag-austria","tag-fc-wacker-innsbruck","tag-gak-1902","tag-innsbruck","tag-meinfussball","tag-nofb","tag-oesterreich","tag-sport"],"share_on_mastodon":{"url":"https:\/\/pubeurope.com\/@at\/117184427817135953","error":""},"_links":{"self":[{"href":"https:\/\/www.europesays.com\/at\/wp-json\/wp\/v2\/posts\/364652","targetHints":{"allow":["GET"]}}],"collection":[{"href":"https:\/\/www.europesays.com\/at\/wp-json\/wp\/v2\/posts"}],"about":[{"href":"https:\/\/www.europesays.com\/at\/wp-json\/wp\/v2\/types\/post"}],"author":[{"embeddable":true,"href":"https:\/\/www.europesays.com\/at\/wp-json\/wp\/v2\/users\/2"}],"replies":[{"embeddable":true,"href":"https:\/\/www.europesays.com\/at\/wp-json\/wp\/v2\/comments?post=364652"}],"version-history":[{"count":0,"href":"https:\/\/www.europesays.com\/at\/wp-json\/wp\/v2\/posts\/364652\/revisions"}],"wp:featuredmedia":[{"embeddable":true,"href":"https:\/\/www.europesays.com\/at\/wp-json\/wp\/v2\/media\/364653"}],"wp:attachment":[{"href":"https:\/\/www.europesays.com\/at\/wp-json\/wp\/v2\/media?parent=364652"}],"wp:term":[{"taxonomy":"category","embeddable":true,"href":"https:\/\/www.europesays.com\/at\/wp-json\/wp\/v2\/categories?post=364652"},{"taxonomy":"post_tag","embeddable":true,"href":"https:\/\/www.europesays.com\/at\/wp-json\/wp\/v2\/tags?post=364652"}],"curies":[{"name":"wp","href":"https:\/\/api.w.org\/{rel}","templated":true}]}}