{"id":364692,"date":"2026-08-30T12:45:17","date_gmt":"2026-08-30T12:45:17","guid":{"rendered":"https:\/\/www.europesays.com\/at\/364692\/"},"modified":"2026-08-30T12:45:17","modified_gmt":"2026-08-30T12:45:17","slug":"inka-bause-aus-leipzig-darum-legte-sie-als-kind-den-saechsischen-dialekt-ab","status":"publish","type":"post","link":"https:\/\/www.europesays.com\/at\/364692\/","title":{"rendered":"Inka Bause aus Leipzig: Darum legte sie als Kind den s\u00e4chsischen Dialekt ab"},"content":{"rendered":"<p>Leipziger &#8222;Bauer sucht Frau&#8220;-Moderatorin <\/p>\n<p>Warum Inka Bause ihren Dialekt pl\u00f6tzlich ablegte<\/p>\n<p>30.08.2026 &#8211; 03:46 UhrLesedauer: 2 Min.<\/p>\n<p><a href=\"#focus-0\" class=\"transition-colors block text-current relative\" data-sctrack=\"FocusGalleryImage.Reference\"><img fetchpriority=\"high\" data-testid=\"Opener.Image\"   loading=\"eager\" src=\"https:\/\/www.europesays.com\/at\/wp-content\/uploads\/2026\/08\/inka-bause-seit-2005-ist-sie-das-gesicht-der-rtl-datingshow-bauer-sucht-frau.jpg\" alt=\"Inka Bause: Seit 2005 ist sie das Gesicht der RTL-Datingshow &quot;Bauer sucht Frau&quot;.\" title=\"Inka Bause: Seit 2005 ist sie das Gesicht der RTL-Datingshow &quot;Bauer sucht Frau&quot;.\" width=\"2742\" height=\"1543\" class=\"bg-[url:var(--lqipURL)] bg-cover bg-center flex h-full w-full max-w-full\" style=\"--lqipURL:url('https:\/\/images.t-online.de\/2025\/09\/oo04cnSK2YJ2\/0x53:2742x1543\/fit-in\/150x0\/filters:blur(25)\/inka-bause-seit-2005-ist-sie-das-gesicht-der-rtl-datingshow-bauer-sucht-frau.jpg')\" decoding=\"async\"\/><img loading=\"lazy\" src=\"https:\/\/leipzig.t-online.de\/s\/paper\/_next\/static\/media\/zoom-in.f7dae02f.svg\" alt=\"Vergr\u00f6\u00dfern des Bildes\" title=\"Vergr\u00f6\u00dfern des Bildes\" class=\"block h-[calc(var(--height)_\/_16_*_1rem)] w-[calc(var(--width)_\/_16_*_1rem)] max-w-none absolute right-8 bottom-8 rounded-4 bg-snow p-8\" style=\"--width:32;--height:32\" decoding=\"async\"\/><\/a><\/p>\n<p>Inka Bause (Archivbild):: Seit 2005 ist sie das Gesicht der RTL-Datingshow &#8222;Bauer sucht Frau&#8220;. (Quelle: IMAGO\/Ervin Monn)<\/p>\n<p><img loading=\"lazy\" src=\"https:\/\/leipzig.t-online.de\/s\/paper\/_next\/static\/media\/audio-volume.6689034c.svg\" alt=\"\" title=\"\" class=\"block h-[calc(var(--height)_\/_16_*_1rem)] w-[calc(var(--width)_\/_16_*_1rem)] max-w-none group-hover:brightness-0 group-hover:invert\" style=\"--width:16;--height:16\" decoding=\"async\"\/>Vorlesen<\/p>\n<p>Aktuelle Zeit:0:00Gesamtdauer:0:00<\/p>\n<p>1x<img loading=\"lazy\" src=\"https:\/\/leipzig.t-online.de\/s\/paper\/_next\/static\/media\/font-sizes.32942e33.svg\" alt=\"\" title=\"\" class=\"block h-[calc(var(--height)_\/_16_*_1rem)] w-[calc(var(--width)_\/_16_*_1rem)] max-w-none group-hover:hidden group-aria-expanded:hidden\" style=\"--width:16;--height:16\" decoding=\"async\"\/><img loading=\"lazy\" src=\"https:\/\/leipzig.t-online.de\/s\/paper\/_next\/static\/media\/font-sizes-dark-mode.e382645c.svg\" alt=\"\" title=\"\" class=\"block h-[calc(var(--height)_\/_16_*_1rem)] w-[calc(var(--width)_\/_16_*_1rem)] max-w-none hidden group-hover:block group-aria-expanded:block\" style=\"--width:16;--height:16\" decoding=\"async\"\/><img loading=\"lazy\" src=\"https:\/\/leipzig.t-online.de\/s\/paper\/_next\/static\/media\/sharing-menu-icon.1eb71368.svg\" alt=\"\" title=\"\" class=\"block h-[calc(var(--height)_\/_16_*_1rem)] w-[calc(var(--width)_\/_16_*_1rem)] max-w-none group-hover:brightness-0 group-hover:invert\" style=\"--width:16;--height:16\" decoding=\"async\"\/>Artikel teilen<\/p>\n<p class=\"font-bold text-18 leading-17 user-text-lg:text-22 user-text-xl:text-24\">Inka Bause verbrachte ihre ersten sechs Lebensjahre in Leipzig. Nach dem Umzug nach Ost-Berlin wurde sie nach eigener Schilderung wegen ihrer Herkunft angegriffen \u2013 und \u00e4nderte \u00fcber Nacht ihre Sprache.<\/p>\n<p class=\"text-18 leading-17 user-text-lg:text-22 user-text-xl:text-24\">Wenn Inka Bause am Sonntag bei RTL neue Landwirte aus aller Welt vorstellt, ist von ihrer Leipziger Herkunft kaum etwas zu h\u00f6ren. Die 57-J\u00e4hrige spricht im Fernsehen meist Hochdeutsch. Dass sie ihren s\u00e4chsischen Dialekt schon als Kind zur\u00fcckdr\u00e4ngte, hat einen schmerzhaften Grund.<\/p>\n<p class=\"text-18 leading-17 user-text-lg:text-22 user-text-xl:text-24\">Bause wurde am 21. November 1968 in Leipzig geboren. Sie lebte dort die ersten sechs Jahre ihres Lebens und ging in der Stadt in den Kindergarten. Mitte der Siebzigerjahre zog die Familie nach Ost-Berlin, wo ihr Vater Arndt Bause als erfolgreicher Schlagerkomponist arbeitete.<\/p>\n<p>Er schrieb die Hits der DDR: <a href=\"https:\/\/leipzig.t-online.de\/region\/leipzig\/id_101389128\/inka-bause-plant-gala-das-ist-ihr-beruehmter-vater-aus-leipzig.html\" class=\"transition-colors cursor-pointer no-underline md:hover:text-magenta md:focus:text-magenta border-b border-solid border-current text-salemsfur md:hover:border-magenta\" data-tracking=\"{&quot;action&quot;:&quot;click&quot;,&quot;category&quot;:&quot;intextLink&quot;,&quot;label&quot;:&quot;\/region\/leipzig\/id_101389128\/inka-bause-plant-gala-das-ist-ihr-beruehmter-vater-aus-leipzig.html&quot;}\" data-sctrack=\"BodyAnchor\" rel=\"nofollow noopener\" target=\"_blank\">Inke Bause ehrt ihren ber\u00fchmten Vater<\/a><\/p>\n<p>Angriff nach der ersten Unterrichtsstunde<\/p>\n<p class=\"text-18 leading-17 user-text-lg:text-22 user-text-xl:text-24\">An ihren Schulstart in Berlin hat Bause keine guten Erinnerungen. In der MDR-Talkshow &#8222;Riverboat&#8220; berichtete sie 2022, bereits in der ersten Hofpause angegriffen worden zu sein.<\/p>\n<p class=\"text-18 leading-17 user-text-lg:text-22 user-text-xl:text-24\">Sie sei nach der ersten Schulstunde mit ihren Schwestern &#8222;so verm\u00f6belt&#8220; worden, schilderte die Moderatorin. Als Grund nannte sie ihre s\u00e4chsische Herkunft und den Dialekt, mit dem die Schwestern in Berlin auffielen.<\/p>\n<p class=\"text-18 leading-17 user-text-lg:text-22 user-text-xl:text-24\">Die M\u00e4dchen reagierten sofort. Einen Tag sp\u00e4ter h\u00e4tten sie bereits &#8222;sofort berlinert&#8220;, erz\u00e4hlte Bause. Ihre Mutter sei dar\u00fcber verzweifelt gewesen. Aus dem S\u00e4chsischen wurde zun\u00e4chst Berlinerisch, sp\u00e4ter gew\u00f6hnte sich Bause f\u00fcr ihre Arbeit vor Kameras und auf B\u00fchnen weitgehend Hochdeutsch an.<\/p>\n<p>In Leipzig kehrt der Dialekt zur\u00fcck<\/p>\n<p class=\"text-18 leading-17 user-text-lg:text-22 user-text-xl:text-24\">Verschwunden ist ihre urspr\u00fcngliche Sprachf\u00e4rbung trotzdem nicht. Sobald sie einige Tage in Leipzig verbringe, beginne sie wieder zu s\u00e4chseln, sagte Bause. Dann sei sie sprachlich sofort wieder in ihrer alten Heimat angekommen.<\/p>\n<p class=\"text-18 leading-17 user-text-lg:text-22 user-text-xl:text-24\">Ihre Verbindung zu Leipzig beschreibt sie bis heute emotional. F\u00fcr eine &#8222;Riverboat&#8220;-Jubil\u00e4umssendung besuchte sie das Haus ihrer fr\u00fchen Kindheit und traf dort ihre fr\u00fchere Nachbarin wieder. Die R\u00fcckkehr f\u00fchle sich f\u00fcr sie nach &#8222;Zuhause, Kindheit, gute Energie, warmes Herz&#8220; an.<\/p>\n<p class=\"text-18 leading-17 user-text-lg:text-22 user-text-xl:text-24\">Am Sonntag, 30. August, ist Bause wieder als Moderatorin zu sehen. RTL zeigt um 19.05 Uhr &#8222;Bauer sucht Frau International \u2013 Die neuen Bauern weltweit&#8220;. Dann spricht sie erneut Hochdeutsch \u2013 auch wenn das S\u00e4chsische nach eigener Aussage nie ganz verschwunden ist.<\/p>\n","protected":false},"excerpt":{"rendered":"Leipziger &#8222;Bauer sucht Frau&#8220;-Moderatorin Warum Inka Bause ihren Dialekt pl\u00f6tzlich ablegte 30.08.2026 &#8211; 03:46 UhrLesedauer: 2 Min. Inka&hellip;\n","protected":false},"author":2,"featured_media":364693,"comment_status":"","ping_status":"","sticky":false,"template":"","format":"standard","meta":{"footnotes":"","_share_on_mastodon":"0"},"categories":[25],"tags":[737,46,42,712,245,3072,28657,147,12810,91899,2277,1029,6605,44,156,155,148],"class_list":["post-364692","post","type-post","status-publish","format-standard","has-post-thumbnail","category-serien","tag-737","tag-at","tag-austria","tag-bauer-sucht-frau","tag-berlin","tag-ddr","tag-dialekt","tag-entertainment","tag-inka-bause","tag-inke-bause","tag-kind","tag-leipzig","tag-ostberlin","tag-oesterreich","tag-serien","tag-series","tag-unterhaltung"],"share_on_mastodon":{"url":"https:\/\/pubeurope.com\/@at\/117184530406562571","error":""},"_links":{"self":[{"href":"https:\/\/www.europesays.com\/at\/wp-json\/wp\/v2\/posts\/364692","targetHints":{"allow":["GET"]}}],"collection":[{"href":"https:\/\/www.europesays.com\/at\/wp-json\/wp\/v2\/posts"}],"about":[{"href":"https:\/\/www.europesays.com\/at\/wp-json\/wp\/v2\/types\/post"}],"author":[{"embeddable":true,"href":"https:\/\/www.europesays.com\/at\/wp-json\/wp\/v2\/users\/2"}],"replies":[{"embeddable":true,"href":"https:\/\/www.europesays.com\/at\/wp-json\/wp\/v2\/comments?post=364692"}],"version-history":[{"count":0,"href":"https:\/\/www.europesays.com\/at\/wp-json\/wp\/v2\/posts\/364692\/revisions"}],"wp:featuredmedia":[{"embeddable":true,"href":"https:\/\/www.europesays.com\/at\/wp-json\/wp\/v2\/media\/364693"}],"wp:attachment":[{"href":"https:\/\/www.europesays.com\/at\/wp-json\/wp\/v2\/media?parent=364692"}],"wp:term":[{"taxonomy":"category","embeddable":true,"href":"https:\/\/www.europesays.com\/at\/wp-json\/wp\/v2\/categories?post=364692"},{"taxonomy":"post_tag","embeddable":true,"href":"https:\/\/www.europesays.com\/at\/wp-json\/wp\/v2\/tags?post=364692"}],"curies":[{"name":"wp","href":"https:\/\/api.w.org\/{rel}","templated":true}]}}