{"id":364706,"date":"2026-08-30T12:54:12","date_gmt":"2026-08-30T12:54:12","guid":{"rendered":"https:\/\/www.europesays.com\/at\/364706\/"},"modified":"2026-08-30T12:54:12","modified_gmt":"2026-08-30T12:54:12","slug":"papst-betet-beim-angelus-fuer-haiti-und-nepal","status":"publish","type":"post","link":"https:\/\/www.europesays.com\/at\/364706\/","title":{"rendered":"Papst betet beim Angelus f\u00fcr Haiti und Nepal"},"content":{"rendered":"<p>Bei seinem Angelusgebet in Castel Gandolfo an diesem Sonntag hat Leo XIV. mehrere Appelle lanciert. Sie galten unter anderem der Lage in Haiti und im Himalaya.<\/p>\n<p>     <a href=\"https:\/\/www.vaticannews.va\/de\/welt\/news\/2026-08\/haiti-kenscoff-massaker-banden-gewalt-kirche-politik-fluechtling.html\" title=\"Haiti: Massaker mit Dutzenden Toten\" rel=\"nofollow noopener\" target=\"_blank\"><\/p>\n<p>        <img decoding=\"async\" src=\"data:image\/gif;base64,R0lGODlhAQABAIAAAAAAAP\/\/\/yH5BAEAAAAALAAAAAABAAEAAAIBRAA7\" data-original=\"https:\/\/www.vaticannews.va\/content\/dam\/vaticannews\/agenzie\/images\/ansa\/2026\/08\/24\/23\/1787605822729.jpg\/_jcr_content\/renditions\/cq5dam.thumbnail.cropped.500.281.jpeg\" alt=\"Haiti: Massaker mit Dutzenden Toten\"\/><\/p>\n<p>      <\/a><\/p>\n<p>\n      Bewaffnete Bandenmitglieder haben am fr\u00fchen Montagmorgen in einer Stadt \u00f6stlich von Port-au-Prince Dutzende Menschen get\u00f6tet.\n     <\/p>\n<p>\u00a0<\/p>\n<p>Stefan von Kempis \u2013 Vatikanstadt<\/p>\n<p>\u201eAus Haiti erreichen uns dramatische Nachrichten \u00fcber das schreckliche Massaker in Kenscoff, bei dem zahlreiche Menschen ums Leben gekommen sind, w\u00e4hrend andere als Geiseln genommen wurden\u201c, so der Papst. \u201eIch versichere den Opfern und ihren Angeh\u00f6rigen meine Verbundenheit im Gebet und fordere die unverz\u00fcgliche Freilassung aller Geiseln.\u201c<\/p>\n<p>Leo appellierte auch \u201ean alle Verantwortlichen, sich konkret daf\u00fcr einzusetzen, die Sicherheit der Bev\u00f6lkerung zu gew\u00e4hrleisten und jeder Form von Gewalt ein Ende zu setzen\u201c. In dem Bergst\u00e4dtchen Kenscoff in der N\u00e4he von Port-au-Prince hatte eine bewaffnete Bande vor etwa einer Woche Dutzende von Menschen bei einem \u00dcberfall get\u00f6tet und mehr als f\u00fcnfzig Menschen entf\u00fchrt; am Freitag kamen einige der Entf\u00fchrten wieder frei.<\/p>\n<p>\u201eM\u00f6gen weltweit immer mehr Menschen mutig das Brot des Friedens brechen und verteilen\u201c<\/p>\n<p>      <a href=\"https:\/\/www.vaticannews.va\/de\/welt\/news\/2026-08\/nepal-kirche-sturzflut-katastrophe-caritas-hilfe-gebet-kailash.html\" title=\"Nepal: Caritas hilft Betroffenen der Sturzflut\" rel=\"nofollow noopener\" target=\"_blank\"><\/p>\n<p>         <img decoding=\"async\" src=\"data:image\/gif;base64,R0lGODlhAQABAIAAAAAAAP\/\/\/yH5BAEAAAAALAAAAAABAAEAAAIBRAA7\" data-original=\"https:\/\/www.vaticannews.va\/content\/dam\/vaticannews\/agenzie\/images\/reuters\/2026\/08\/29\/10\/1787992495969.JPG\/_jcr_content\/renditions\/cq5dam.thumbnail.cropped.500.281.jpeg\" alt=\"Nepal: Caritas hilft Betroffenen der Sturzflut\"\/><\/p>\n<p>       <\/a><\/p>\n<p>\n       Von der Flutkatastrophe in Nepal sind keine katholischen Kirchen betroffen. Das berichtete der Apostolische Administrator des Vikariats Nepal, Silas Bogati, dem vatikanischen &#8230;\n      <\/p>\n<p>Ein weiterer Appell des Papstes an diesem Sonntag galt den Opfern der verheerenden Sturzflut im Himalaya. \u201eIch versichere den Betroffenen der schrecklichen \u00dcberschwemmungen in Nepal und Tibet mein Gebet. Beten wir f\u00fcr die Verstorbenen, f\u00fcr die Verletzten und Vermissten, f\u00fcr die Familien und f\u00fcr die Rettungskr\u00e4fte. M\u00f6ge die Anteilnahme aller dazu beitragen, das Leid zu lindern und der Bev\u00f6lkerung die notwendige Hilfe zukommen zu lassen.\u201c Allein in Nepal kamen bei der Katastrophe 752 Menschen ums Leben, \u00fcber 2.500 werden immer noch vermisst.<\/p>\n<p>\u201eLasst uns weiterhin f\u00fcr den Frieden beten\u201c, fuhr der Papst dann nach seinem Angelusgebet fort. \u201eDer heilige Augustinus, dessen Gedenktag wir in diesen Tagen gefeiert haben, schrieb einmal: \u201aDer Friede gleicht dem Wunderbrot (bei der wunderbaren Brotvermehrung Jesu), das in den H\u00e4nden der J\u00fcnger wuchs, w\u00e4hrend sie es brachen und verteilten\u201c (Sermo 357, 2). M\u00f6gen weltweit immer mehr Menschen mutig das Brot des Friedens brechen und verteilen, Spaltungen \u00fcberwinden, Gerechtigkeit f\u00f6rdern und Vergebung \u00fcben \u2013 zum Wohl aller.\u201c<\/p>\n<p>\n   Appelle von Papst Leo beim Angelus vom 30.8.26 &#8211; Radio Vatikan\n  <\/p>\n<p>      <a href=\"https:\/\/www.vaticannews.va\/de\/welt\/news\/2026-08\/bartholomaios-patriarch-schoepfung-botschaft-umwelt-gebet.html\" title=\"Patriarch: Menschheit steht gr\u00f6\u00dfter Bedrohung gegen\u00fcber\" rel=\"nofollow noopener\" target=\"_blank\"><\/p>\n<p>         <img decoding=\"async\" src=\"data:image\/gif;base64,R0lGODlhAQABAIAAAAAAAP\/\/\/yH5BAEAAAAALAAAAAABAAEAAAIBRAA7\" data-original=\"https:\/\/www.vaticannews.va\/content\/dam\/vaticannews\/agenzie\/images\/ansa\/2025\/11\/30\/11\/1764497516458.jpg\/_jcr_content\/renditions\/cq5dam.thumbnail.cropped.500.281.jpeg\" alt=\"Patriarch: Menschheit steht gr\u00f6\u00dfter Bedrohung gegen\u00fcber\"\/><\/p>\n<p>       <\/a><\/p>\n<p>\n       Angesichts der voranschreitenden Umweltzerst\u00f6rung und Klimaver\u00e4nderung hat sich der \u00d6kumenische Patriarch von Konstantinopel, Bartholomaios I., mit einem dramatischen Appell zu &#8230;\n      <\/p>\n<p> <br \/>\nF\u00fcr eine Umkehr des Herzens <\/p>\n<p>Zu guter Letzt erinnerte der Papst dann noch an den \u201eWeltgebetstag f\u00fcr die Bewahrung der Sch\u00f6pfung\u201c vom 1. September. \u201eDamit beginnt die Sch\u00f6pfungszeit, die von Christen verschiedener Konfessionen begangen wird und deren Thema in diesem Jahr \u201eLebendiges Wasser\u201c lautet. Wie ich in der Botschaft zu diesem Tag in Erinnerung gerufen habe, erfordert die Sorge um unser gemeinsames Haus eine Umkehr des Herzens, damit das, was bisher zur Zerst\u00f6rung genutzt wurde, stattdessen dem Leben zugutekommt. Ich lade alle ein, sich im Gebet und im Handeln zu vereinen, damit wir zu Kan\u00e4len des lebendigen Wassers von Gottes Frieden werden und unsere verwundete Welt erfrischen.\u201c<\/p>\n<p>(vatican news)<\/p>\n","protected":false},"excerpt":{"rendered":"Bei seinem Angelusgebet in Castel Gandolfo an diesem Sonntag hat Leo XIV. mehrere Appelle lanciert. Sie galten unter&hellip;\n","protected":false},"author":2,"featured_media":364707,"comment_status":"","ping_status":"","sticky":false,"template":"","format":"standard","meta":{"footnotes":"","_share_on_mastodon":"0"},"categories":[12],"tags":[1555,4617,4618,1711,16814,1073,40,14119,13060,41,2859,39,66,65,64],"class_list":["post-364706","post","type-post","status-publish","format-standard","has-post-thumbnail","category-welt","tag-umwelt","tag-angelus","tag-appell","tag-frieden","tag-haiti","tag-kriminalitaet","tag-nachrichten","tag-naturkatastrophen","tag-nepal","tag-news","tag-papst-leo-xiv","tag-schlagzeilen","tag-welt","tag-world","tag-world-news"],"share_on_mastodon":{"url":"https:\/\/pubeurope.com\/@at\/117184565348942867","error":""},"_links":{"self":[{"href":"https:\/\/www.europesays.com\/at\/wp-json\/wp\/v2\/posts\/364706","targetHints":{"allow":["GET"]}}],"collection":[{"href":"https:\/\/www.europesays.com\/at\/wp-json\/wp\/v2\/posts"}],"about":[{"href":"https:\/\/www.europesays.com\/at\/wp-json\/wp\/v2\/types\/post"}],"author":[{"embeddable":true,"href":"https:\/\/www.europesays.com\/at\/wp-json\/wp\/v2\/users\/2"}],"replies":[{"embeddable":true,"href":"https:\/\/www.europesays.com\/at\/wp-json\/wp\/v2\/comments?post=364706"}],"version-history":[{"count":0,"href":"https:\/\/www.europesays.com\/at\/wp-json\/wp\/v2\/posts\/364706\/revisions"}],"wp:featuredmedia":[{"embeddable":true,"href":"https:\/\/www.europesays.com\/at\/wp-json\/wp\/v2\/media\/364707"}],"wp:attachment":[{"href":"https:\/\/www.europesays.com\/at\/wp-json\/wp\/v2\/media?parent=364706"}],"wp:term":[{"taxonomy":"category","embeddable":true,"href":"https:\/\/www.europesays.com\/at\/wp-json\/wp\/v2\/categories?post=364706"},{"taxonomy":"post_tag","embeddable":true,"href":"https:\/\/www.europesays.com\/at\/wp-json\/wp\/v2\/tags?post=364706"}],"curies":[{"name":"wp","href":"https:\/\/api.w.org\/{rel}","templated":true}]}}