{"id":364716,"date":"2026-08-30T13:00:09","date_gmt":"2026-08-30T13:00:09","guid":{"rendered":"https:\/\/www.europesays.com\/at\/364716\/"},"modified":"2026-08-30T13:00:09","modified_gmt":"2026-08-30T13:00:09","slug":"hier-laeuft-rapid-wien-gegen-sturm-graz-tv-uebertragung-und-stream","status":"publish","type":"post","link":"https:\/\/www.europesays.com\/at\/364716\/","title":{"rendered":"Hier l\u00e4uft Rapid Wien gegen Sturm Graz: TV-\u00dcbertragung und Stream"},"content":{"rendered":"\n<p>Rapid Wien empf\u00e4ngt am 5. Spieltag der \u00f6sterreichischen Bundesliga Sturm Graz. Ansto\u00df ist am Sonntag, 30. August 2026, um 17:00 Uhr im Allianz-Stadion. Wer zeigt die Partie Rapid Wien vs. Sturm Graz live im Stream und im TV?<\/p>\n<p><a href=\"https:\/\/clk.tradedoubler.com\/click?p=297463&amp;a=3476224&amp;epi=sky-rapid-wien-sturm-graz&amp;url=https%3A%2F%2Fwww.sky.de%2Fangebote\" rel=\"sponsored nofollow noopener\" target=\"_blank\">Rapid gegen Sturm bei Sky<\/a>* oder <a href=\"https:\/\/clk.tradedoubler.com\/click?p=331453&amp;a=3476224&amp;epi=wow-rapid-wien-sturm-graz&amp;url=https%3A%2F%2Fwww.wowtv.de%2Flive-sport\" rel=\"sponsored nofollow noopener\" target=\"_blank\">WOW<\/a>* sehen \u2192<\/p>\n<p><a href=\"https:\/\/www.sport.de\/te1531\/\" rel=\"nofollow noopener\" target=\"_blank\">Rapid Wien<\/a> hat neun Punkte aus drei Spielen und steht auf Rang zwei hinter dem LASK, zuletzt gab es ein 8:0 gegen den Grazer AK. International lief es weniger gut: Gegen Heart of Midlothian schied Rapid am Mittwoch im Elfmeterschie\u00dfen aus und verpasste die Conference-League-Ligaphas. <a href=\"https:\/\/www.sport.de\/te1837\/\" rel=\"nofollow noopener\" target=\"_blank\">Sturm Graz<\/a> steht mit acht Punkten auf Rang drei und kam zuletzt \u00fcber ein 1:1 gegen Austria Lustenau nicht hinaus.<\/p>\n<p>Der direkte Vergleich ist einer der \u00e4ltesten \u00d6sterreichs: 242 Pflichtspiele, 115 Siege f\u00fcr Rapid, 67 f\u00fcr Sturm, 60 Remis. Das j\u00fcngste Duell am 17. Mai 2026 gewann Rapid mit 2:0.<\/p>\n<p>PlatzTeamSp.TorePunkte1LASK412:1122Rapid Wien311:193Sturm Graz45:284RB Salzburg35:175Wolfsberger AC45:356Austria Lustenau55:957WSG Tirol46:748SV Ried44:749Grazer AK52:13410Austria Wien32:53Wer zeigt Rapid Wien gegen Sturm Graz? Hier l\u00e4uft die Partie live im TV und Stream<\/p>\n<p>Sky \u00fcbertr\u00e4gt Rapid Wien gegen Sturm Graz am Sonntag ab 17:00 Uhr live auf Sky Sport Austria, im Stream l\u00e4uft die Partie bei WOW.<\/p>\n<p>BegegnungRapid Wien gegen Sturm GrazWettbewerbAdmiral Bundesliga, 5. SpieltagAnpfiffSonntag, 30.08.2026, 17:00 UhrStadionAllianz-StadionSchiedsrichterStefan EbnerPay-TV<a href=\"https:\/\/clk.tradedoubler.com\/click?p=297463&amp;a=3476224&amp;epi=sky-rapid-wien-sturm-graz&amp;url=https%3A%2F%2Fwww.sky.de%2Fangebote\" rel=\"sponsored nofollow noopener\" target=\"_blank\">Sky<\/a>* (Sky Sport Austria)Stream<a href=\"https:\/\/clk.tradedoubler.com\/click?p=331453&amp;a=3476224&amp;epi=wow-rapid-wien-sturm-graz&amp;url=https%3A%2F%2Fwww.wowtv.de%2Flive-sport\" rel=\"sponsored nofollow noopener\" target=\"_blank\">WOW<\/a>*, OneFootball, LAOLA1Free-TVNeinLiveticker<a href=\"https:\/\/www.sport.de\/ma12168319\/liveticker\/\" rel=\"nofollow noopener\" target=\"_blank\">sport.de-Liveticker<\/a>L\u00e4uft Rapid Wien gegen Sturm Graz im Free-TV?<\/p>\n<p>Nein. Die Partie l\u00e4uft im Pay-TV bei Sky und im Stream bei WOW.<\/p>\n<p>Wer \u00fcbertr\u00e4gt die \u00f6sterreichische Bundesliga in dieser Saison?<\/p>\n<p>Sky \u00fcbertr\u00e4gt die \u00f6sterreichische Bundesliga \u00fcber Sky Sport Austria. F\u00fcr deutsche Abonnenten ist der Sender im regul\u00e4ren Sky-Sport-Paket enthalten, es muss nichts hinzugebucht werden. Im Stream laufen dieselben Spiele \u00fcber WOW Live-Sport. Vier Spiele pro Saison h\u00e4lt der ORF exklusiv im Free-TV \u2013 diese Partien zeigen weder Sky noch WOW live.<\/p>\n<p>Welche Sportevents werden heute live im TV oder Stream \u00fcbertragen? Was l\u00e4uft im Free-TV? <a href=\"https:\/\/www.sport.de\/sport-im-tv-und-stream\/\" rel=\"nofollow noopener\" target=\"_blank\">Alle Sportevents im TV und Stream in der sport.de-\u00dcbersicht<\/a>.<\/p>\n<p>Alle Sender, Streaming-Anbieter und Uhrzeiten \u2013 jetzt zum Nachlesen bei sport.de!<\/p>\n<p class=\"hs-news-owner--description\">*Wir arbeiten in diesem Beitrag mit Affiliate-Links. Wenn Sie \u00fcber diese Links ein Produkt kaufen, erhalten wir vom Anbieter eine Provision. F\u00fcr Sie entstehen dabei keine Mehrkosten. Wo und wann Sie ein Produkt kaufen, bleibt nat\u00fcrlich Ihnen \u00fcberlassen.<\/p>\n","protected":false},"excerpt":{"rendered":"Rapid Wien empf\u00e4ngt am 5. Spieltag der \u00f6sterreichischen Bundesliga Sturm Graz. Ansto\u00df ist am Sonntag, 30. August 2026,&hellip;\n","protected":false},"author":2,"featured_media":364717,"comment_status":"","ping_status":"","sticky":false,"template":"","format":"standard","meta":{"footnotes":"","_share_on_mastodon":"0"},"categories":[29],"tags":[1069,46,42,676,964,183,44,968,4246],"class_list":["post-364716","post","type-post","status-publish","format-standard","has-post-thumbnail","category-graz","tag-admiral-bundesliga","tag-at","tag-austria","tag-bundesliga","tag-fussball","tag-graz","tag-oesterreich","tag-rapid-wien","tag-sturm-graz"],"share_on_mastodon":{"url":"https:\/\/pubeurope.com\/@at\/117184588886650450","error":""},"_links":{"self":[{"href":"https:\/\/www.europesays.com\/at\/wp-json\/wp\/v2\/posts\/364716","targetHints":{"allow":["GET"]}}],"collection":[{"href":"https:\/\/www.europesays.com\/at\/wp-json\/wp\/v2\/posts"}],"about":[{"href":"https:\/\/www.europesays.com\/at\/wp-json\/wp\/v2\/types\/post"}],"author":[{"embeddable":true,"href":"https:\/\/www.europesays.com\/at\/wp-json\/wp\/v2\/users\/2"}],"replies":[{"embeddable":true,"href":"https:\/\/www.europesays.com\/at\/wp-json\/wp\/v2\/comments?post=364716"}],"version-history":[{"count":0,"href":"https:\/\/www.europesays.com\/at\/wp-json\/wp\/v2\/posts\/364716\/revisions"}],"wp:featuredmedia":[{"embeddable":true,"href":"https:\/\/www.europesays.com\/at\/wp-json\/wp\/v2\/media\/364717"}],"wp:attachment":[{"href":"https:\/\/www.europesays.com\/at\/wp-json\/wp\/v2\/media?parent=364716"}],"wp:term":[{"taxonomy":"category","embeddable":true,"href":"https:\/\/www.europesays.com\/at\/wp-json\/wp\/v2\/categories?post=364716"},{"taxonomy":"post_tag","embeddable":true,"href":"https:\/\/www.europesays.com\/at\/wp-json\/wp\/v2\/tags?post=364716"}],"curies":[{"name":"wp","href":"https:\/\/api.w.org\/{rel}","templated":true}]}}