{"id":364728,"date":"2026-08-30T13:08:11","date_gmt":"2026-08-30T13:08:11","guid":{"rendered":"https:\/\/www.europesays.com\/at\/364728\/"},"modified":"2026-08-30T13:08:11","modified_gmt":"2026-08-30T13:08:11","slug":"mit-computermodell-berechnet-wie-sich-die-zahl-der-diabetes-typ-1-betroffenen-entwickelt","status":"publish","type":"post","link":"https:\/\/www.europesays.com\/at\/364728\/","title":{"rendered":"Mit Computermodell berechnet: Wie sich die Zahl der Diabetes-Typ-1-Betroffenen entwickelt"},"content":{"rendered":"<p>Mit Computermodell berechnetWie sich die Zahl der Diabetes-Typ-1-Betroffenen entwickelt <\/p>\n<p>30.08.2026, 14:37 Uhr <\/p>\n<p>Artikel anh\u00f6ren(04:42 min)<\/p>\n<p><img decoding=\"async\" class=\"Image_img__fQCi0 Image_Img_16_9__4BLfH widget-picture-inline_maximizable__t_E7h\" loading=\"eager\" fetchpriority=\"high\" src=\"https:\/\/www.europesays.com\/at\/wp-content\/uploads\/2026\/08\/imago79302903.webp\" alt=\"imago79302903\"\/>Typ-1-Diabetes-Betroffene m\u00fcssen auf ihren Insulinspiegel achten und sind ihr Leben lang auf Insulin angewiesen. (Foto: imago\/Jochen Tack)<\/p>\n<p class=\"Typography_text-m__XI0da Typography_weight-bold__uT6mq storyline_lead_text_leadtext__q_wg8\">Typ-1-Diabetes ist eine chronische Autoimmunerkrankung, bei der das k\u00f6rpereigene Immunsystem die insulinproduzierenden Zellen in der Bauchspeicheldr\u00fcse zerst\u00f6rt. Ein Forschungsteam berechnet, wie viele Menschen in Zukunft davon betroffen sind. <\/p>\n<p class=\"Typography_text-default__P3otY Typography_weight-normal__pqUbH storyline_paragraph_p__qSR5N\">Bis 2049 k\u00f6nnten Sch\u00e4tzungen zufolge weltweit 2,7 Millionen Menschen mehr an Diabetes mellitus Typ 1 erkrankt sein als 2025. In Deutschland wird die Zahl der Erkrankten weiter steigen, doch die Anzahl der Neuerkrankungen zur\u00fcckgehen. Zu diesen Ergebnissen kommt eine Forschungsgruppe um Anders Green und Morten Bjerregaard-Andersen vom Steno Diabetes Center Odense (D\u00e4nemark) mithilfe ihres Computermodells Diamond-T1D.<\/p>\n<p class=\"Typography_text-default__P3otY Typography_weight-normal__pqUbH storyline_paragraph_p__qSR5N\">Demnach w\u00fcrde die gesch\u00e4tzte Zahl der Neuerkrankungen in Deutschland von 9776 F\u00e4llen (2025) auf 9458 F\u00e4lle (2049) fallen. Typ-1-Diabetes ist eine Autoimmunerkrankung, bei der der eigene K\u00f6rper die insulinproduzierenden Zellen angreift. Der K\u00f6rper braucht Insulin, um den Zucker im Blut aufzunehmen. Die Krankheit tritt h\u00e4ufig bereits im jugendlichen Alter auf.<\/p>\n<p class=\"Typography_text-default__P3otY Typography_weight-normal__pqUbH storyline_paragraph_p__qSR5N\">Michael Roden, Wissenschaftlicher Gesch\u00e4ftsf\u00fchrer des Deutschen Diabetes-Zentrums (DDZ) in D\u00fcsseldorf, erkl\u00e4rt die steigende Gesamtzahl unter anderem damit, dass Menschen mit der Erkrankung durch bessere Behandlungsm\u00f6glichkeiten l\u00e4nger leben.<\/p>\n<p>Demografischer Wandel als m\u00f6gliche Ursache<\/p>\n<p class=\"Typography_text-default__P3otY Typography_weight-normal__pqUbH storyline_paragraph_p__qSR5N\">Der R\u00fcckgang der Neuerkrankungen in einigen wohlhabenden Staaten k\u00f6nnte hingegen mit dem demografischen Wandel zusammenh\u00e4ngen. &#8222;Wenn es k\u00fcnftig weniger Kinder und Jugendliche gibt, also die Bev\u00f6lkerungsgruppe kleiner wird, in der Typ-1-Diabetes besonders h\u00e4ufig neu auftritt, kann auch die absolute Zahl der Neuerkrankungen sinken &#8211; das bedeutet nicht zwangsl\u00e4ufig, dass das individuelle Erkrankungsrisiko abnimmt.&#8220;<\/p>\n<p class=\"Typography_text-default__P3otY Typography_weight-normal__pqUbH storyline_paragraph_p__qSR5N\">Den Sch\u00e4tzungen zufolge wird die Gesamtzahl der globalen Typ-1-Diabetes-F\u00e4lle um 29 Prozent von 9,4 Millionen (2025) auf 12,1 Millionen (2049) steigen. Die gesch\u00e4tzte Zahl der Neuerkrankungen steigt in dem Zeitraum jedoch nur um 14 Prozent.<\/p>\n<p class=\"Typography_text-default__P3otY Typography_weight-normal__pqUbH storyline_paragraph_p__qSR5N\">Der gr\u00f6\u00dfte relative Anstieg der Erkranktenzahlen wird in L\u00e4ndern mit niedrigem Einkommen erwartet. Ursache hierf\u00fcr seien unter anderem die Verbesserungen beim Zugang zu Insulin, zur Blutzucker\u00fcberwachung und die insgesamt besseren \u00dcberlebenschancen der Patientinnen und Patienten.<\/p>\n<p class=\"Typography_text-default__P3otY Typography_weight-normal__pqUbH storyline_paragraph_p__qSR5N\">Die Wissenschaftler modellierten mit Diamond-T1D die weltweite Entwicklung der Typ-1-Diabetes-Erkrankungen. Dazu verwendeten sie Neuerkrankungszahlen, Daten zur Sterblichkeit von Erkrankten, demografische Zahlen und das Jahr der Einf\u00fchrung der Behandlung mit Insulin. Die G\u00fcte des Modells wiesen die Forscher anhand von Registerdaten zum Typ-1-Diabetes in D\u00e4nemark und Schottland nach.<\/p>\n<p>Von Land zu Land sehr unterschiedliche Entwicklungen<\/p>\n<p class=\"Typography_text-default__P3otY Typography_weight-normal__pqUbH storyline_paragraph_p__qSR5N\">Die Entwicklungen der F\u00e4lle von Typ-1-Diabetes sind von Land zu Land sehr unterschiedlich: In den USA wird ein Anstieg der Gesamtzahl um 37,7 Prozent von 1.492.825 (2025) auf 2.055.235 Menschen (2049) gesch\u00e4tzt. In China hingegen wird die Zahl nur um 2,5 Prozent zunehmen, von 721.566 (2025) auf 739.395 Erkrankten (2049). Im afrikanischen Staat Mosambik als Beispiel f\u00fcr ein Land mit niedrigem Durchschnittseinkommen wird sich hingegen die Zahl der Erkrankten mehr als verdoppeln, von 9604 (2025) auf 19.478 (2049).<\/p>\n<p class=\"Typography_text-default__P3otY Typography_weight-normal__pqUbH storyline_paragraph_p__qSR5N\">Die Ursachen von Typ-1-Diabetes seien noch weitgehend unklar, hei\u00dft es auf dem Informationsportal <a class=\"inline_link\" href=\"https:\/\/www.diabinfo.de\/\" target=\"_blank\" rel=\"nofollow noopener\">www.diabinfo.de<\/a>. &#8222;Fest steht aber, dass Typ-1-Diabetes nicht entsteht, weil zu viel S\u00fc\u00dfes gegessen wurde&#8220;, hei\u00dft es auf der Internetseite. Das unterscheidet den Typ 1 vom Typ-2-Diabetes, bei dem ungesunde Ern\u00e4hrung und ung\u00fcnstige Erbanlagen als Hauptursachen gelten.<\/p>\n<p class=\"Typography_text-default__P3otY Typography_weight-normal__pqUbH storyline_paragraph_p__qSR5N\">Die Ergebnisse der Studie werden bei der Jahrestagung der Fachgesellschaft European Association for the Study of Diabetes (EASD) vom 28. September bis 2. Oktober in Mailand (Italien) pr\u00e4sentiert.<\/p>\n<p class=\"Typography_text-s__wu_cm Typography_weight-normal__pqUbH Typography_color-darkgrey__sZEnP article-detail-footer_source__KslPc\">Quelle: ntv.de,  Stefan Parsch, dpa<\/p>\n","protected":false},"excerpt":{"rendered":"Mit Computermodell berechnetWie sich die Zahl der Diabetes-Typ-1-Betroffenen entwickelt 30.08.2026, 14:37 Uhr Artikel anh\u00f6ren(04:42 min) Typ-1-Diabetes-Betroffene m\u00fcssen auf&hellip;\n","protected":false},"author":2,"featured_media":364729,"comment_status":"","ping_status":"","sticky":false,"template":"","format":"standard","meta":{"footnotes":"","_share_on_mastodon":"0"},"categories":[20],"tags":[46,42,1001,1108,124,123,44,7233],"class_list":["post-364728","post","type-post","status-publish","format-standard","has-post-thumbnail","category-gesundheit","tag-at","tag-austria","tag-bildung","tag-diabetes","tag-gesundheit","tag-health","tag-oesterreich","tag-zucker"],"share_on_mastodon":{"url":"https:\/\/pubeurope.com\/@at\/117184621021328082","error":""},"_links":{"self":[{"href":"https:\/\/www.europesays.com\/at\/wp-json\/wp\/v2\/posts\/364728","targetHints":{"allow":["GET"]}}],"collection":[{"href":"https:\/\/www.europesays.com\/at\/wp-json\/wp\/v2\/posts"}],"about":[{"href":"https:\/\/www.europesays.com\/at\/wp-json\/wp\/v2\/types\/post"}],"author":[{"embeddable":true,"href":"https:\/\/www.europesays.com\/at\/wp-json\/wp\/v2\/users\/2"}],"replies":[{"embeddable":true,"href":"https:\/\/www.europesays.com\/at\/wp-json\/wp\/v2\/comments?post=364728"}],"version-history":[{"count":0,"href":"https:\/\/www.europesays.com\/at\/wp-json\/wp\/v2\/posts\/364728\/revisions"}],"wp:featuredmedia":[{"embeddable":true,"href":"https:\/\/www.europesays.com\/at\/wp-json\/wp\/v2\/media\/364729"}],"wp:attachment":[{"href":"https:\/\/www.europesays.com\/at\/wp-json\/wp\/v2\/media?parent=364728"}],"wp:term":[{"taxonomy":"category","embeddable":true,"href":"https:\/\/www.europesays.com\/at\/wp-json\/wp\/v2\/categories?post=364728"},{"taxonomy":"post_tag","embeddable":true,"href":"https:\/\/www.europesays.com\/at\/wp-json\/wp\/v2\/tags?post=364728"}],"curies":[{"name":"wp","href":"https:\/\/api.w.org\/{rel}","templated":true}]}}