{"id":364756,"date":"2026-08-30T13:27:07","date_gmt":"2026-08-30T13:27:07","guid":{"rendered":"https:\/\/www.europesays.com\/at\/364756\/"},"modified":"2026-08-30T13:27:07","modified_gmt":"2026-08-30T13:27:07","slug":"infektioeser-patient-bespuckt-mitarbeiter-klinikum-reagiert-sofort-2","status":"publish","type":"post","link":"https:\/\/www.europesays.com\/at\/364756\/","title":{"rendered":"Infekti\u00f6ser Patient bespuckt Mitarbeiter: Klinikum reagiert sofort"},"content":{"rendered":"<p class=\"paragraph tw-mx-auto tw-mb-6\">Nach der Spuckattacke auf drei\u00a0Krankenhausmitarbeiter gibt das SRH Klinikum Entwarnung. Am Dienstag, 18. August, war ein 39-J\u00e4hriger aufgrund einer dringend erforderlichen Behandlung in das Krankenhaus eingeliefert worden. Dort zeigte sich der stark alkoholisierte und mutma\u00dflich unter Drogen stehende Mann laut Polizeibericht hochaggressiv und fing an zu spucken. Sein Speichel traf dabei drei Mitarbeiter. Da der Mann an einer infekti\u00f6sen Krankheit leidet, stand zu bef\u00fcrchten, dass die Mitarbeiter sich infizieren.<\/p>\n<p class=\"tw-text-neutral-10 tw-py-2 tw-border-t tw-mb-0 tw-text-title-md tw-font-medium tw-border-solid tw-border-b-neutral-10 tw-font-primary\">Empfohlene Artikel<\/p>\n<p class=\"paragraph tw-mx-auto tw-mb-6\">Das sei jedoch nicht passiert, best\u00e4tigt SRH-Sprecherin Gisela D\u00fcrr: \u201eAllen betroffenen Kolleginnen und Kollegen geht es gut.\u201c Die erforderlichen Hygienema\u00dfnahmen seien umgehend getroffen worden. Dadurch sei das Infektionsrisiko nach medizinischer Einsch\u00e4tzung \u00e4u\u00dferst gering gewesen.<\/p>\n<p>Klinik sieht keinen Bedarf f\u00fcr einen Sicherheitsdienst<\/p>\n<p class=\"paragraph tw-mx-auto tw-mb-6\">Bei Einlieferungen von Menschen mit psychischen Auff\u00e4lligkeiten werde der Patient zun\u00e4chst von anderen Patienten getrennt, dann durch qualifiziertes Personal begleitet und \u00fcberwacht, erl\u00e4utert D\u00fcrr. Daraufhin werde der diensthabende Psychiater hinzugezogen, zuletzt gemeinsam Diagnostik und Therapie abgestimmt.<\/p>\n<p class=\"tw-text-neutral-10 tw-py-2 tw-border-t tw-mb-0 tw-text-title-md tw-font-medium tw-border-solid tw-border-b-neutral-10 tw-font-primary\">Empfohlene Artikel<\/p>\n<p class=\"paragraph tw-mx-auto tw-mb-6\">Bereits im Sommer 2025 war es zu einem Angriff auf einen Krankenhausmitarbeiter gekommen: Damals versuchte ein Patient, eine Krankenschwester zu erw\u00fcrgen. Im Januar dieses Jahres wurde zudem ein Patient angegriffen.<\/p>\n<p class=\"paragraph tw-mx-auto tw-mb-6\">Einen dauerhaften Sicherheitsdienst h\u00e4lt die Klinikleitung trotz des neuerlichen Vorfalls nicht f\u00fcr erforderlich: \u201eDie j\u00fcngsten Vorkommnisse sind aus unserer Sicht nicht regelhaft und rechtfertigen daher derzeit keine zus\u00e4tzlichen Kosten.\u201c<\/p>\n","protected":false},"excerpt":{"rendered":"Nach der Spuckattacke auf drei\u00a0Krankenhausmitarbeiter gibt das SRH Klinikum Entwarnung. Am Dienstag, 18. August, war ein 39-J\u00e4hriger aufgrund&hellip;\n","protected":false},"author":2,"featured_media":364757,"comment_status":"","ping_status":"","sticky":false,"template":"","format":"standard","meta":{"footnotes":"","_share_on_mastodon":"0"},"categories":[20],"tags":[46,42,124,123,44],"class_list":["post-364756","post","type-post","status-publish","format-standard","has-post-thumbnail","category-gesundheit","tag-at","tag-austria","tag-gesundheit","tag-health","tag-oesterreich"],"share_on_mastodon":{"url":"https:\/\/pubeurope.com\/@at\/117184696075634227","error":""},"_links":{"self":[{"href":"https:\/\/www.europesays.com\/at\/wp-json\/wp\/v2\/posts\/364756","targetHints":{"allow":["GET"]}}],"collection":[{"href":"https:\/\/www.europesays.com\/at\/wp-json\/wp\/v2\/posts"}],"about":[{"href":"https:\/\/www.europesays.com\/at\/wp-json\/wp\/v2\/types\/post"}],"author":[{"embeddable":true,"href":"https:\/\/www.europesays.com\/at\/wp-json\/wp\/v2\/users\/2"}],"replies":[{"embeddable":true,"href":"https:\/\/www.europesays.com\/at\/wp-json\/wp\/v2\/comments?post=364756"}],"version-history":[{"count":0,"href":"https:\/\/www.europesays.com\/at\/wp-json\/wp\/v2\/posts\/364756\/revisions"}],"wp:featuredmedia":[{"embeddable":true,"href":"https:\/\/www.europesays.com\/at\/wp-json\/wp\/v2\/media\/364757"}],"wp:attachment":[{"href":"https:\/\/www.europesays.com\/at\/wp-json\/wp\/v2\/media?parent=364756"}],"wp:term":[{"taxonomy":"category","embeddable":true,"href":"https:\/\/www.europesays.com\/at\/wp-json\/wp\/v2\/categories?post=364756"},{"taxonomy":"post_tag","embeddable":true,"href":"https:\/\/www.europesays.com\/at\/wp-json\/wp\/v2\/tags?post=364756"}],"curies":[{"name":"wp","href":"https:\/\/api.w.org\/{rel}","templated":true}]}}