{"id":364862,"date":"2026-08-30T14:33:11","date_gmt":"2026-08-30T14:33:11","guid":{"rendered":"https:\/\/www.europesays.com\/at\/364862\/"},"modified":"2026-08-30T14:33:11","modified_gmt":"2026-08-30T14:33:11","slug":"bericht-salzburg-gibt-angebot-fuer-rangers-angreifer-ab","status":"publish","type":"post","link":"https:\/\/www.europesays.com\/at\/364862\/","title":{"rendered":"Bericht: Salzburg gibt Angebot f\u00fcr Rangers-Angreifer ab"},"content":{"rendered":"<p>Das Transferfenster ist in \u00d6sterreich nur mehr wenige Tage ge\u00f6ffnet. Im Endspurt k\u00f6nnte der <a href=\"https:\/\/www.laola1.at\/de\/daten\/news\/fussball\/fc-red-bull-salzburg\/\" class=\"tag\" rel=\"nofollow noopener\" target=\"_blank\">FC Red Bull Salzburg<\/a> eine weitere Verst\u00e4rkung f\u00fcr die Offensive verpflichten.<\/p>\n<p>Wie &#8222;Foot Mercato&#8220;-Journalist Santi Aouna berichtet, haben die &#8222;Bullen&#8220; ein Angebot f\u00fcr Djeidi Gassama von den Rangers abgegeben.<\/p>\n<p>Der 22-j\u00e4hrige Fl\u00fcgelspieler, der auch im Zentrum auflaufen kann, kennt Salzburg-Coach Danny R\u00f6hl: Die beiden arbeiteten sowohl bei Sheffield Wednesday als auch bei den Rangers zusammen. Ausgebildet wurde der dreifache Nationalspieler Mauretaniens in der Jugend von <a href=\"https:\/\/www.laola1.at\/de\/daten\/news\/fussball\/paris-saint-germain\/\" class=\"tag\" rel=\"nofollow noopener\" target=\"_blank\">Paris Saint-Germain<\/a>.<\/p>\n<p>Bei Monaco auf der Wunschliste<\/p>\n<p>Gassama absolvierte bislang 63 Pflichtspiele f\u00fcr die Rangers und h\u00e4lt bei zehn Toren sowie sieben Assists. Am heutigen Sonntag war er beim 1:0 gegen Aberdeen im Einsatz und holte den spielentscheidenden Elfmeter heraus.<\/p>\n<p>Wie &#8222;Foot Mercato&#8220; zudem berichtet, steht Gassama weiterhin auf der Wunschliste von <a href=\"https:\/\/www.laola1.at\/de\/daten\/news\/fussball\/as-monaco\/\" class=\"tag\" rel=\"nofollow noopener\" target=\"_blank\">AS Monaco<\/a>. Die Rangers sollen mindestens zehn Millionen Euro Abl\u00f6se f\u00fcr den Angreifer ausrufen. Gassamas Vertrag l\u00e4uft noch bis 2029. Interesse d\u00fcrfte es auch aus der <a href=\"https:\/\/www.laola1.at\/de\/daten\/news\/fussball\/serie-a\/\" class=\"tag\" rel=\"nofollow noopener\" target=\"_blank\">Serie A<\/a> (Monza, Parma, Lecce) geben.<\/p>\n","protected":false},"excerpt":{"rendered":"Das Transferfenster ist in \u00d6sterreich nur mehr wenige Tage ge\u00f6ffnet. Im Endspurt k\u00f6nnte der FC Red Bull Salzburg&hellip;\n","protected":false},"author":2,"featured_media":364863,"comment_status":"","ping_status":"","sticky":false,"template":"","format":"standard","meta":{"footnotes":"","_share_on_mastodon":"0"},"categories":[31],"tags":[1069,46,42,61128,1061,964,1880,1878,22208,44,192,62091],"class_list":["post-364862","post","type-post","status-publish","format-standard","has-post-thumbnail","category-salzburg","tag-admiral-bundesliga","tag-at","tag-austria","tag-danny-roehl","tag-fc-red-bull-salzburg","tag-fussball","tag-fussball-international","tag-geruechtekueche","tag-glasgow-rangers","tag-oesterreich","tag-salzburg","tag-schottland-fussball"],"share_on_mastodon":{"url":"https:\/\/pubeurope.com\/@at\/117184954790823246","error":""},"_links":{"self":[{"href":"https:\/\/www.europesays.com\/at\/wp-json\/wp\/v2\/posts\/364862","targetHints":{"allow":["GET"]}}],"collection":[{"href":"https:\/\/www.europesays.com\/at\/wp-json\/wp\/v2\/posts"}],"about":[{"href":"https:\/\/www.europesays.com\/at\/wp-json\/wp\/v2\/types\/post"}],"author":[{"embeddable":true,"href":"https:\/\/www.europesays.com\/at\/wp-json\/wp\/v2\/users\/2"}],"replies":[{"embeddable":true,"href":"https:\/\/www.europesays.com\/at\/wp-json\/wp\/v2\/comments?post=364862"}],"version-history":[{"count":0,"href":"https:\/\/www.europesays.com\/at\/wp-json\/wp\/v2\/posts\/364862\/revisions"}],"wp:featuredmedia":[{"embeddable":true,"href":"https:\/\/www.europesays.com\/at\/wp-json\/wp\/v2\/media\/364863"}],"wp:attachment":[{"href":"https:\/\/www.europesays.com\/at\/wp-json\/wp\/v2\/media?parent=364862"}],"wp:term":[{"taxonomy":"category","embeddable":true,"href":"https:\/\/www.europesays.com\/at\/wp-json\/wp\/v2\/categories?post=364862"},{"taxonomy":"post_tag","embeddable":true,"href":"https:\/\/www.europesays.com\/at\/wp-json\/wp\/v2\/tags?post=364862"}],"curies":[{"name":"wp","href":"https:\/\/api.w.org\/{rel}","templated":true}]}}