{"id":364876,"date":"2026-08-30T14:43:42","date_gmt":"2026-08-30T14:43:42","guid":{"rendered":"https:\/\/www.europesays.com\/at\/364876\/"},"modified":"2026-08-30T14:43:42","modified_gmt":"2026-08-30T14:43:42","slug":"hautkrebspraevention-uv-risiken-und-arbeitsschutz-im-fokus","status":"publish","type":"post","link":"https:\/\/www.europesays.com\/at\/364876\/","title":{"rendered":"Hautkrebspr\u00e4vention: UV-Risiken und Arbeitsschutz im Fokus"},"content":{"rendered":"<p class=\"wp-block-paragraph\">W\u00e4hrend in der Vergangenheit vor allem die individuelle Aufkl\u00e4rung und das gesundheitsbewusste Verhalten des Einzelnen im Vordergrund standen, r\u00fccken zunehmend strukturelle Rahmenbedingungen und neue molekularbiologische Erkenntnisse in den Fokus.<\/p>\n<p class=\"wp-block-paragraph\">Aktuelle Daten zur k\u00fcnstlichen UV-Strahlung verdeutlichen das damit verbundene Mutationsrisiko. Parallel dazu nimmt der aktualisierte Europ\u00e4ische Kodex gegen Krebs der WHO verst\u00e4rkt die Gesundheitspolitik und den betrieblichen Arbeitsschutz in die Pflicht.<\/p>\n<p>Sch\u00e4den durch Indoor-Tanning<\/p>\n<p class=\"wp-block-paragraph\">In der dermatologischen Beratung bildet die Aufkl\u00e4rung \u00fcber die Risiken des Br\u00e4unens in Solarien einen festen Bestandteil. Die Argumentation der Indoor-Tanning-Industrie, k\u00fcnstliche UV-Strahlung sei bei kontrollierter Anwendung nicht sch\u00e4dlicher als nat\u00fcrliches Sonnenlicht, wird durch eine Studie der Northwestern University und der University of California, San Francisco, auf molekularer Ebene relativiert (1, 2). Mittels Single-Cell-DNA-Sequenzierung wurden die Melanozyten regelm\u00e4\u00dfiger Solariennutzer analysiert und mit Kontrollgruppen verglichen. Dabei zeigten sich signifikante Unterschiede.<\/p>\n<p>Regelm\u00e4\u00dfige Solariennutzer in ihren 30er- und 40er-Jahren wiesen in den Hautzellen eine deutlich erh\u00f6hte Mutationslast auf. K\u00fcnstliche UV-Strahlung scheint damit zu einer vorzeitigen genetischen Alterung der Zellen beizutragen.<\/p>\n<p>W\u00e4hrend nat\u00fcrliche Sonnenexposition vorrangig die typischerweise unbedeckten Areale betrifft, f\u00fchrt die Ganzk\u00f6rperbestrahlung im Solarium zu Erbgutsch\u00e4den \u00fcber fast die gesamte Hautoberfl\u00e4che. Relevante DNA-Mutationen lie\u00dfen sich auch an meist sonnengesch\u00fctzten Lokalisationen nachweisen.<\/p>\n<p>Die festgestellten DNA-Ver\u00e4nderungen entsprechen molekularen Signaturen, wie sie auch bei kutanen Melanomen beobachtet werden. Epidemiologische Begleitdaten der Untersuchung sprechen zudem f\u00fcr ein deutlich erh\u00f6htes Erkrankungsrisiko bei Solariennutzung (1, 2). F\u00fcr die klinische Praxis untermauern diese Daten die Empfehlung zur strikten Abkehr von k\u00fcnstlicher UV-Bestrahlung. Bei Patient:innen mit ausgepr\u00e4gter Solarienhistorie in der Anamnese kann eine fr\u00fchzeitige und engmaschige dermatologische \u00dcberwachung sinnvoll sein, um potenzielle Neoplasien rechtzeitig zu erfassen.<\/p>\n<p>Politische Dimensionen<\/p>\n<p class=\"wp-block-paragraph\">Diese wissenschaftlichen Erkenntnisse flie\u00dfen auch in internationale Pr\u00e4ventionsempfehlungen ein. Im Februar 2026 ver\u00f6ffentlichte die International Agency for Research on Cancer (IARC) der WHO die f\u00fcnfte Auflage des Europ\u00e4ischen Kodex gegen Krebs (3, 4). Die von der Deutschen Krebshilfe und dem Deutschen Krebsforschungszentrum (DKFZ) mitgetragene Richtlinie wurde auf 14 Handlungsempfehlungen erweitert und adressiert nun neben dem Individualverhalten explizit auch die gesundheitspolitische Verantwortung (3, 4). Der Kodex betont, dass eine effektive Krebspr\u00e4vention struktureller Rahmenbedingungen bedarf.<\/p>\n<p class=\"wp-block-paragraph\">Neben der Warnung vor E-Zigaretten und der Empfehlung des Alkoholverzichts fordert das Gremium den vollst\u00e4ndigen Verzicht auf Solariennutzung (3, 4). Dar\u00fcber hinaus sieht die IARC die staatlichen Organe in der Pflicht, durch geeignete Ma\u00dfnahmen \u2013 etwa im Bereich der Tabak- und Alkoholpr\u00e4vention oder der Stadtplanung zur Verbesserung der Luftqualit\u00e4t \u2013 gesunde Entscheidungen im Alltag zu erleichtern. Auch der Ausbau von Arbeitsschutzma\u00dfnahmen f\u00fcr im Freien t\u00e4tige Personen wird als zentrale staatliche und betriebliche Aufgabe definiert (3, 4).<\/p>\n<p>Berufsdermatologische Aspekte<\/p>\n<p class=\"wp-block-paragraph\">Die Relevanz des strukturellen Arbeitsschutzes wird regelm\u00e4\u00dfig im Rahmen des j\u00e4hrlichen Tags des Sonnenschutzes am 21. Juni thematisiert. Die Struktur- und Genehmigungsdirektion S\u00fcd weist darauf hin, dass die nat\u00fcrliche UV-Strahlung am Arbeitsplatz ein signifikantes Gesundheitsrisiko darstellt, dessen Folgen oft erst nach Jahrzehnten klinisch sichtbar werden (5). Im Bereich der Berufsdermatologie ist bei der Umsetzung von Schutzkonzepten das etablierte TOP-Prinzip zu beachten, bei dem organisatorische Vorkehrungen den individuellen Schutzma\u00dfnahmen vorzuziehen sind.<\/p>\n<p>Technische und organisatorische Ma\u00dfnahmen: Hierzu z\u00e4hlen das Schaffen von Schattenbereichen, etwa durch \u00dcberdachungen oder Sonnensegel, sowie eine Anpassung der Arbeitszeiten, um T\u00e4tigkeiten im Freien w\u00e4hrend der strahlungsintensivsten Phase zu minimieren.<\/p>\n<p>Pers\u00f6nliche Schutzma\u00dfnahmen: Sofern Au\u00dfenarbeiten unvermeidbar sind, m\u00fcssen Besch\u00e4ftigte auf k\u00f6rperbedeckende Kleidung, Kopfbedeckungen mit Nackenschutz sowie geeignete Sonnenbrillen zur\u00fcckgreifen. Arbeitsmedizinische Vorsorge und regelm\u00e4\u00dfige Schulungen unterst\u00fctzen zus\u00e4tzlich die Pr\u00e4vention.<\/p>\n<p>Arbeitsmedizinische Vorsorge und Berufskrankheit: Dermatologisch relevante Rechtsanspr\u00fcche regeln die Vorsorgepflichten. Besch\u00e4ftigte haben unter bestimmten Voraussetzungen Anspruch auf eine arbeitsmedizinische Vorsorge, wenn sie \u00fcber l\u00e4ngere Zeit regelm\u00e4\u00dfig im Freien arbeiten. Bei langj\u00e4hriger beruflicher Exposition besteht unter definierten Voraussetzungen die M\u00f6glichkeit, auftretende Hauttumoren als Berufskrankheit anerkennen und \u00fcber die Unfallversicherungstr\u00e4ger entsch\u00e4digen zu lassen.<\/p>\n<p>Topische Photoprotektion<\/p>\n<p class=\"wp-block-paragraph\">Die Wirksamkeit von Sonnenschutzmitteln h\u00e4ngt in der Praxis stark von der korrekten Applikation ab. Folgende Aspekte sind essenziell: Um den ausgewiesenen Lichtschutzfaktor zu erreichen, sollte Sonnencreme in ausreichender Menge aufgetragen werden. Die theoretische Schutzzeit des Lichtschutzfaktors sollte nicht vollst\u00e4ndig ausgereizt werden. Wiederholtes Auftragen verl\u00e4ngert die Gesamtschutzdauer nicht, sondern erh\u00e4lt lediglich den Schutz aufrecht, etwa nach starkem Schwitzen oder Baden. Au\u00dferdem wird empfohlen, Produkte sorgf\u00e4ltig auszuw\u00e4hlen und auf die Haltbarkeit ge\u00f6ffneter Beh\u00e4ltnisse zu achten. Ge\u00f6ffnete Produkte sollten aufgrund begrenzter Stabilit\u00e4t nicht unbegrenzt verwendet werden.<\/p>\n<p>Take-Home-Messages<\/p>\n<p class=\"wp-block-paragraph\">Die Datenbasis bezogen auf fl\u00e4chendeckende zellul\u00e4re Ver\u00e4nderungen durch k\u00fcnstliche UV-Quellen weist auf eine zunehmende Konsolidierung hin. Parallel dazu legen internationale Leitlinien und Arbeitsschutzvorgaben eine st\u00e4rkere Einbindung von Politik und Arbeitgebern in die Expositionsminderung nahe. Mit Blick auf die Dermatologie empfiehlt es sich daher, berufliche UV-Belastungen verst\u00e4rkt zu ber\u00fccksichtigen, um Nachsorgekonzepte risikoadaptiert anpassen zu k\u00f6nnen.<\/p>\n<p class=\"has-text-align-right wp-block-paragraph\">(sma)<\/p>\n<p class=\"wp-block-paragraph\">Literatur<\/p>\n<p>Gerami, P. et al. 2025. Molecular effects of indoor tanning.\u00a0Science Advances, Vol. 11, No. 50.<\/p>\n<p>Northwestern University News 2025. Tanning beds triple melanoma risk, potentially causing broad DNA damage. Northwestern Now.<\/p>\n<p>International Agency for Research on Cancer (IARC) \/ World Health Organization 2026. European Code Against Cancer. 5. Auflage.<\/p>\n<p>Deutsche Krebshilfe \/ Deutsches Krebsforschungszentrum 2026, Juni. Neuer Europ\u00e4ischer Kodex gegen Krebs stellt Pr\u00e4vention in den Fokus.<\/p>\n<p>Struktur- und Genehmigungsdirektion S\u00fcd 2026, Juni. Tag des Sonnenschutzes am 21. Juni \u2013 Besch\u00e4ftigte im Freien wirksam vor UV-Strahlung sch\u00fctzen.<\/p>\n","protected":false},"excerpt":{"rendered":"W\u00e4hrend in der Vergangenheit vor allem die individuelle Aufkl\u00e4rung und das gesundheitsbewusste Verhalten des Einzelnen im Vordergrund standen,&hellip;\n","protected":false},"author":2,"featured_media":364877,"comment_status":"","ping_status":"","sticky":false,"template":"","format":"standard","meta":{"footnotes":"","_share_on_mastodon":"0"},"categories":[20],"tags":[72479,46,42,91925,124,91926,123,91927,44,80057],"class_list":["post-364876","post","type-post","status-publish","format-standard","has-post-thumbnail","category-gesundheit","tag-arbeitsschutz","tag-at","tag-austria","tag-europaeischer-kodex-gegen-krebs","tag-gesundheit","tag-hautkrebspraevention","tag-health","tag-kuenstliche-uv-strahlung","tag-oesterreich","tag-solarien"],"share_on_mastodon":{"url":"https:\/\/pubeurope.com\/@at\/117184994074496440","error":""},"_links":{"self":[{"href":"https:\/\/www.europesays.com\/at\/wp-json\/wp\/v2\/posts\/364876","targetHints":{"allow":["GET"]}}],"collection":[{"href":"https:\/\/www.europesays.com\/at\/wp-json\/wp\/v2\/posts"}],"about":[{"href":"https:\/\/www.europesays.com\/at\/wp-json\/wp\/v2\/types\/post"}],"author":[{"embeddable":true,"href":"https:\/\/www.europesays.com\/at\/wp-json\/wp\/v2\/users\/2"}],"replies":[{"embeddable":true,"href":"https:\/\/www.europesays.com\/at\/wp-json\/wp\/v2\/comments?post=364876"}],"version-history":[{"count":0,"href":"https:\/\/www.europesays.com\/at\/wp-json\/wp\/v2\/posts\/364876\/revisions"}],"wp:featuredmedia":[{"embeddable":true,"href":"https:\/\/www.europesays.com\/at\/wp-json\/wp\/v2\/media\/364877"}],"wp:attachment":[{"href":"https:\/\/www.europesays.com\/at\/wp-json\/wp\/v2\/media?parent=364876"}],"wp:term":[{"taxonomy":"category","embeddable":true,"href":"https:\/\/www.europesays.com\/at\/wp-json\/wp\/v2\/categories?post=364876"},{"taxonomy":"post_tag","embeddable":true,"href":"https:\/\/www.europesays.com\/at\/wp-json\/wp\/v2\/tags?post=364876"}],"curies":[{"name":"wp","href":"https:\/\/api.w.org\/{rel}","templated":true}]}}