{"id":364998,"date":"2026-08-30T16:09:09","date_gmt":"2026-08-30T16:09:09","guid":{"rendered":"https:\/\/www.europesays.com\/at\/364998\/"},"modified":"2026-08-30T16:09:09","modified_gmt":"2026-08-30T16:09:09","slug":"industriebau-in-oberoesterreich-zehn-jahre-pause-jetzt-46-stueck-pro-jahr-andritz-faehrt-linzer-generatorenbau-hoch","status":"publish","type":"post","link":"https:\/\/www.europesays.com\/at\/364998\/","title":{"rendered":"Industriebau in Ober\u00f6sterreich: Zehn Jahre Pause, jetzt 46 St\u00fcck pro Jahr: Andritz f\u00e4hrt Linzer Generatorenbau hoch"},"content":{"rendered":"<p>Aktueller Meilenstein: erster Bauabschnitt am 27. August 2026 fertiggestellt<br \/>Hallenzubau: rund 700 m\u00b2<br \/>Sanierung: weitere rund 3.000 m\u00b2 Fertigungsfl\u00e4che<br \/>Abschluss Gesamtprojekt: 2028<br \/>Kapazit\u00e4t: laut Andritz bereits mit erstem Bauabschnitt verdoppelt<br \/>Maschinengewicht: bis zu 300 t<br \/>Produktion 2026: laut J\u00fcrgen Holzer zw\u00f6lf geplante Auslieferungen<br \/>Kapazit\u00e4t ab 2028: laut Holzer bis 46 Turbogeneratoren pro Jahr<br \/>Auftragslage: laut Holzer bis 2030 gef\u00fcllt<\/p>\n<p>Produkt Linz: insbesondere wasserstoffgek\u00fchlte Turbogeneratoren<br \/>Aktuelles Andritz-Portfolio: Turbogeneratoren bis 350 MVA<br \/>Aufgabe Linz: Montage und Pr\u00fcfung der gro\u00dfen wasserstoffgek\u00fchlten Maschinen<br \/>Aufgabe Weiz: unter anderem Rotoren und Statorst\u00e4be f\u00fcr wasserstoffgek\u00fchlte Generatoren sowie luftgek\u00fchlte Turbogeneratoren<br \/>Transport: direkt \u00fcber Traun\/Donau und weiter per Schiff<\/p>\n<p>Neue Arbeitspl\u00e4tze Linz: rund 80 bereits geschaffen, rund 70 weitere vorgesehen<br \/>Parallelprojekt Weiz: rund 10.000 m\u00b2 zus\u00e4tzliche Produktionsfl\u00e4che, rund 200 weitere Jobs<br \/>Gesamt neue Arbeitspl\u00e4tze: rund 350 (Linz und Weiz)<\/p>\n<p>Historische Linzer Schwerlasthalle: Baubeginn 2011, offizielle Er\u00f6ffnung 2014<br \/>Historische Hallengr\u00f6\u00dfe: 80 \u00d7 40 \u00d7 20 m, 3.208 m\u00b2<br \/>Historische Krankapazit\u00e4t: 300 t, erweiterbar auf 600 t<br \/>Historisches Pr\u00fcffeld: 5,5 MW<br \/>Erster dokumentierter wasserstoffgek\u00fchlter Generator aus Linz: 2014, 350 MVA, 15,75 kV, 285 t<\/p>\n","protected":false},"excerpt":{"rendered":"Aktueller Meilenstein: erster Bauabschnitt am 27. August 2026 fertiggestelltHallenzubau: rund 700 m\u00b2Sanierung: weitere rund 3.000 m\u00b2 Fertigungsfl\u00e4cheAbschluss Gesamtprojekt:&hellip;\n","protected":false},"author":2,"featured_media":364999,"comment_status":"","ping_status":"","sticky":false,"template":"","format":"standard","meta":{"footnotes":"","_share_on_mastodon":"0"},"categories":[30],"tags":[46,42,12480,6300,12477,12476,6546,12485,12478,5700,12484,184,12483,44,12482,12479,12481],"class_list":["post-364998","post","type-post","status-publish","format-standard","has-post-thumbnail","category-linz","tag-at","tag-austria","tag-baurecht","tag-baustoffe","tag-bautechnik","tag-bauwirtschaft","tag-bim","tag-fassaden","tag-hochbau","tag-immobilien","tag-leichtbau","tag-linz","tag-massivbau","tag-oesterreich","tag-schalung","tag-tiefbau","tag-vergaberecht"],"share_on_mastodon":{"url":"https:\/\/pubeurope.com\/@at\/117185332371406118","error":""},"_links":{"self":[{"href":"https:\/\/www.europesays.com\/at\/wp-json\/wp\/v2\/posts\/364998","targetHints":{"allow":["GET"]}}],"collection":[{"href":"https:\/\/www.europesays.com\/at\/wp-json\/wp\/v2\/posts"}],"about":[{"href":"https:\/\/www.europesays.com\/at\/wp-json\/wp\/v2\/types\/post"}],"author":[{"embeddable":true,"href":"https:\/\/www.europesays.com\/at\/wp-json\/wp\/v2\/users\/2"}],"replies":[{"embeddable":true,"href":"https:\/\/www.europesays.com\/at\/wp-json\/wp\/v2\/comments?post=364998"}],"version-history":[{"count":0,"href":"https:\/\/www.europesays.com\/at\/wp-json\/wp\/v2\/posts\/364998\/revisions"}],"wp:featuredmedia":[{"embeddable":true,"href":"https:\/\/www.europesays.com\/at\/wp-json\/wp\/v2\/media\/364999"}],"wp:attachment":[{"href":"https:\/\/www.europesays.com\/at\/wp-json\/wp\/v2\/media?parent=364998"}],"wp:term":[{"taxonomy":"category","embeddable":true,"href":"https:\/\/www.europesays.com\/at\/wp-json\/wp\/v2\/categories?post=364998"},{"taxonomy":"post_tag","embeddable":true,"href":"https:\/\/www.europesays.com\/at\/wp-json\/wp\/v2\/tags?post=364998"}],"curies":[{"name":"wp","href":"https:\/\/api.w.org\/{rel}","templated":true}]}}