{"id":365082,"date":"2026-08-30T17:11:14","date_gmt":"2026-08-30T17:11:14","guid":{"rendered":"https:\/\/www.europesays.com\/at\/365082\/"},"modified":"2026-08-30T17:11:14","modified_gmt":"2026-08-30T17:11:14","slug":"ameland-zwei-rettungsschwimmerinnen-retten-16-deutsche-kinder","status":"publish","type":"post","link":"https:\/\/www.europesays.com\/at\/365082\/","title":{"rendered":"Ameland: Zwei Rettungsschwimmerinnen retten 16 deutsche Kinder"},"content":{"rendered":"<p>Im Meer von Str\u00f6mung erfasst\u201eHolt uns hier raus!\u201c Zwei Heldinnen retten 16 deutsche Kinder vor Ameland<img alt=\"Die Rettungsschwimmerstation auf Ameland\" fetchpriority=\"high\" width=\"940\" height=\"529\" decoding=\"async\" data-nimg=\"1\" class=\"Image_image__SdgLQ Picture_image__vGN9W\" style=\"color:transparent\"   src=\"https:\/\/www.europesays.com\/at\/wp-content\/uploads\/2026\/08\/498555392.webp\"\/><\/p>\n<p>Die Rettungsschwimmerstation auf Ameland<\/p>\n<p>picture alliance \/ imageBROKER \/ Michael Sz\u00f6nyi<\/p>\n<p class=\"AnnotatedMarkup_paragraph__IUT9l\">Die Str\u00f6mung zieht 16 deutsche Kinder vor Ameland immer weiter aufs offene Meer.<br \/>W\u00e4hrend die Kinder in Panik geraten und durch die Wellen immer wieder unter Wasser gedr\u00fcckt werden, behalten zwei Rettungsschwimmerinnen die Nerven und verhinderten eine Katastrophe. Zuerst berichtete die Rheinische Post.<\/p>\n<p>\u201eF\u00fcr uns war klar: Wir mussten ins Wasser gehen.\u201c <\/p>\n<p class=\"AnnotatedMarkup_paragraph__IUT9l\">\u201eWir f\u00fchlen den Grund nicht mehr.\u201c F\u00fcr 16 Kinder aus einem Ferienlager in M\u00fcnster wird ein Badeausflug auf die niederl\u00e4ndische Insel Ameland zum Albtraum. Die 9 bis 14-J\u00e4hrigen geraten am Strand von Buren in eine starke Str\u00f6mung, die sie immer weiter hinaus aufs Meer zieht. Einige schreien, Panik bricht aus.<\/p>\n<p class=\"AnnotatedMarkup_paragraph__IUT9l\">Am Strand erkennen zwei junge Frauen sofort, wie gef\u00e4hrlich die Situation ist. Die 19-j\u00e4hrige Inger van Oord und ihre 24 Jahre alte Kollegin Femke Wiersma arbeiten als ausgebildete Rettungsschwimmerinnen f\u00fcr die niederl\u00e4ndische Seenotrettungsorganisation KNRM. \u201eDas sah nicht gut aus\u201c, erinnert sich Inger im Gespr\u00e4ch mit der \u201eRheinischen Post\u201c. F\u00fcr sie und Femke steht fest, dass sie keine Zeit verlieren d\u00fcrfen. \u201eBinnen weniger Sekunden kann sich alles \u00e4ndern. F\u00fcr uns war klar: Wir mussten ins Wasser gehen.\u201c<\/p>\n<p>Inger und Femke k\u00e4mpfen sich zu den Kindern vor<\/p>\n<p class=\"AnnotatedMarkup_paragraph__IUT9l\">Inger schnappt sich einen Rettungsring und schwimmt hinaus. Femke nimmt ein Surfbrett und macht sich ebenfalls auf den Weg zu den Kindern. Erst als die beiden bei der Gruppe ankommen, zeigt sich das ganze Ausma\u00df der Gefahr. \u201eEinige schrien: ,Wir f\u00fchlen den Grund nicht mehr\u2018. Es brach Panik aus\u201c, schildert Inger die dramatischen Minuten der Rheinischen Post. Doch w\u00e4hrend die Kinder verzweifelt um Hilfe rufen, bewahren die beiden Retterinnen die Ruhe. Ihr Training zahlt sich jetzt aus. \u201eSolche Situationen haben wir immer wieder ge\u00fcbt. Wir wissen, was wir zu tun haben\u201c, sagt die 19-J\u00e4hrige.<\/p>\n<p>Anzeige:<\/p>\n<p>Empfehlungen unserer Partner<\/p>\n<p>Im Video: 16-j\u00e4hriger Rettungsschwimmer rettet 10-J\u00e4hrigen<\/p>\n<p>00:45 min<\/p>\n<p>Lebensgefahr wegen Str\u00f6mung<\/p>\n<p>Junge den Wellen hilflos ausgeliefert! Mutiger Teenie-Rettungsschwimmer (16) greift ein<\/p>\n<p>19-J\u00e4hrige holt sieben Kinder schwimmend aus der Nordsee<\/p>\n<p class=\"AnnotatedMarkup_paragraph__IUT9l\">Inger ist Leistungsschwimmerin. Jetzt setzt sie all ihre Kraft und Erfahrung ein und bringt sieben Kinder schwimmend zur\u00fcck an Land. Femke rettet die \u00fcbrigen Jungen und M\u00e4dchen mithilfe ihres Surfbretts. Insgesamt dauert der Einsatz gut eine Stunde. Am Strand k\u00fcmmern sich Betreuer und Sanit\u00e4ter um die Kinder und versorgen sie mit Decken. Alle 16 schaffen es sicher aus dem Wasser.<\/p>\n<p class=\"AnnotatedMarkup_paragraph__IUT9l\">Lese-Tipp: <a href=\"https:\/\/www.rtl.de\/news\/helden-bademeister-17-rettet-acht-menschen-an-einem-tag-id31139019.html\" target=\"_self\" rel=\"nofollow noopener\">Helden-Bademeister (17) rettet acht Menschen an einem Tag<\/a><\/p>\n<p>\u201eTodesangst in den Augen der Gruppe gesehen\u201c<\/p>\n<p class=\"AnnotatedMarkup_paragraph__IUT9l\">Wie knapp und emotional dieser Einsatz war, wird Inger erst beim Wiedersehen richtig bewusst. Einen Tag nach der Rettung besuchen die beiden jungen Frauen das Ferienlager auf dem Bauernhof Noorderlicht in Buren. Dort werden sie von den Kindern und ihren Betreuern als Heldinnen gefeiert.<\/p>\n<p class=\"AnnotatedMarkup_paragraph__IUT9l\">F\u00fcr Inger ist dieser Moment unvergesslich. \u201eIn der Nordsee haben wir die Todesangst in den Augen der Gruppe gesehen. Einen Tag sp\u00e4ter haben wir sie entspannt und lachend wiedergesehen.\u201c Die Dankbarkeit der Kinder habe sie und Femke tief bewegt. <br \/>Auch die KNRM Ameland ist m\u00e4chtig stolz auf ihre Rettungskr\u00e4fte. Den ganzen Sommer \u00fcber sorgen die Lifeguards an den Str\u00e4nden der Insel f\u00fcr Sicherheit. Meist gehe es darum, Badeg\u00e4ste zu warnen, ihnen Tipps zu geben oder fr\u00fchzeitig einzugreifen. Doch bei diesem Einsatz wurde aus jahrelangem Training innerhalb weniger Augenblicke bitterer Ernst.<\/p>\n<p class=\"AnnotatedMarkup_paragraph__IUT9l\">Verwendete Quellen: <a rel=\"noopener noreferrer nofollow\" href=\"https:\/\/rp-online.de\/panorama\/niederlande\/rettungsschwimmerinnen-retten-16-deutsche-kinder-vor-ameland-so-lief-der-einsatz-ab_aid-153951589?_gl=1*1c5feae*_up*MQ..*_gs*MQ..&amp;gclid=CjwKCAjwqc_UBhBKEiwAWbl25mfqrYTA9ZWwPlbLuofVKuvBSQPzuY3Dyb_RKg_0ZcGbbs3qu2v0ihoCUNQQAvD_BwE&amp;gbraid=0AAAAABgRS4KqlZSrVYzLlEFWTvnbMcrgj\" target=\"_blank\">RP<\/a>, <a rel=\"noopener noreferrer nofollow\" href=\"https:\/\/www.instagram.com\/p\/DcltgYVguGc\/?img_index=1\" target=\"_blank\">Instagram \/ knrm_ameland<\/a><\/p>\n<p><script async src=\"\/\/www.instagram.com\/embed.js\"><\/script><\/p>\n","protected":false},"excerpt":{"rendered":"Im Meer von Str\u00f6mung erfasst\u201eHolt uns hier raus!\u201c Zwei Heldinnen retten 16 deutsche Kinder vor Ameland Die Rettungsschwimmerstation&hellip;\n","protected":false},"author":2,"featured_media":365083,"comment_status":"","ping_status":"","sticky":false,"template":"","format":"standard","meta":{"footnotes":"","_share_on_mastodon":"0"},"categories":[25],"tags":[90996,91956,46,42,147,91958,28902,2415,10773,44,3362,74723,17911,156,155,7316,91957,148],"class_list":["post-365082","post","type-post","status-publish","format-standard","has-post-thumbnail","category-serien","tag-ah-analytics","tag-ameland","tag-at","tag-austria","tag-entertainment","tag-ertrunken","tag-meer","tag-niederlande","tag-nordsee","tag-oesterreich","tag-rettung","tag-rettungsschwimmer","tag-seenot","tag-serien","tag-series","tag-strand","tag-stroemung","tag-unterhaltung"],"share_on_mastodon":{"url":"https:\/\/pubeurope.com\/@at\/117185576301655096","error":""},"_links":{"self":[{"href":"https:\/\/www.europesays.com\/at\/wp-json\/wp\/v2\/posts\/365082","targetHints":{"allow":["GET"]}}],"collection":[{"href":"https:\/\/www.europesays.com\/at\/wp-json\/wp\/v2\/posts"}],"about":[{"href":"https:\/\/www.europesays.com\/at\/wp-json\/wp\/v2\/types\/post"}],"author":[{"embeddable":true,"href":"https:\/\/www.europesays.com\/at\/wp-json\/wp\/v2\/users\/2"}],"replies":[{"embeddable":true,"href":"https:\/\/www.europesays.com\/at\/wp-json\/wp\/v2\/comments?post=365082"}],"version-history":[{"count":0,"href":"https:\/\/www.europesays.com\/at\/wp-json\/wp\/v2\/posts\/365082\/revisions"}],"wp:featuredmedia":[{"embeddable":true,"href":"https:\/\/www.europesays.com\/at\/wp-json\/wp\/v2\/media\/365083"}],"wp:attachment":[{"href":"https:\/\/www.europesays.com\/at\/wp-json\/wp\/v2\/media?parent=365082"}],"wp:term":[{"taxonomy":"category","embeddable":true,"href":"https:\/\/www.europesays.com\/at\/wp-json\/wp\/v2\/categories?post=365082"},{"taxonomy":"post_tag","embeddable":true,"href":"https:\/\/www.europesays.com\/at\/wp-json\/wp\/v2\/tags?post=365082"}],"curies":[{"name":"wp","href":"https:\/\/api.w.org\/{rel}","templated":true}]}}