{"id":365092,"date":"2026-08-30T17:23:14","date_gmt":"2026-08-30T17:23:14","guid":{"rendered":"https:\/\/www.europesays.com\/at\/365092\/"},"modified":"2026-08-30T17:23:14","modified_gmt":"2026-08-30T17:23:14","slug":"ist-groesste-gefahr-kampf-gegen-islamismus-bauer-arbeitet-an-verbot","status":"publish","type":"post","link":"https:\/\/www.europesays.com\/at\/365092\/","title":{"rendered":"\u201eIst gr\u00f6\u00dfte Gefahr\u201c &#8211; Kampf gegen Islamismus: Bauer arbeitet an Verbot"},"content":{"rendered":"<p>NEOS: \u201eSind f\u00fcr alles, was \u00d6sterreich sicherer macht\u201c<br \/>Die NEOS zeigten sich am Sonntag gespannt auf \u201eeinen legistisch umsetzbaren Vorschlag\u201c. Denn ein Verbot w\u00fcrde eine klare rechtliche Definition voraussetzen, die juristisch halten muss, lie\u00df NEOS-Klubobmann Yannick Shetty am Sonntag in einer Aussendung wissen: \u201eWir sind f\u00fcr alles offen, das \u00d6sterreich sicherer macht.\u201c Zudem m\u00fcsse sich \u00d6sterreich auf EU-Ebene daf\u00fcr einsetzen, \u201edie Zweige der radikalislamischen Muslimbruderschaft auf die EU-Terrorliste zu setzen\u201c, so Shetty.<\/p>\n","protected":false},"excerpt":{"rendered":"NEOS: \u201eSind f\u00fcr alles, was \u00d6sterreich sicherer macht\u201cDie NEOS zeigten sich am Sonntag gespannt auf \u201eeinen legistisch umsetzbaren&hellip;\n","protected":false},"author":2,"featured_media":365093,"comment_status":"","ping_status":"","sticky":false,"template":"","format":"standard","meta":{"footnotes":"","_share_on_mastodon":"0"},"categories":[8],"tags":[7456,1193,30255,75,12251,12236,40,412,41,44,413,91959,39,91960,38,1188],"class_list":["post-365092","post","type-post","status-publish","format-standard","has-post-thumbnail","category-nachrichten","tag-bauer","tag-christian-stocker","tag-claudia-bauer","tag-europa","tag-generalsekretaer","tag-michael-schnedlitz","tag-nachrichten","tag-neos","tag-news","tag-oesterreich","tag-oevp","tag-probleme-bei-migration-und-integration","tag-schlagzeilen","tag-shetty-stocker","tag-top-meldungen","tag-yannick-shetty"],"share_on_mastodon":{"url":"https:\/\/pubeurope.com\/@at\/117185622973356767","error":""},"_links":{"self":[{"href":"https:\/\/www.europesays.com\/at\/wp-json\/wp\/v2\/posts\/365092","targetHints":{"allow":["GET"]}}],"collection":[{"href":"https:\/\/www.europesays.com\/at\/wp-json\/wp\/v2\/posts"}],"about":[{"href":"https:\/\/www.europesays.com\/at\/wp-json\/wp\/v2\/types\/post"}],"author":[{"embeddable":true,"href":"https:\/\/www.europesays.com\/at\/wp-json\/wp\/v2\/users\/2"}],"replies":[{"embeddable":true,"href":"https:\/\/www.europesays.com\/at\/wp-json\/wp\/v2\/comments?post=365092"}],"version-history":[{"count":0,"href":"https:\/\/www.europesays.com\/at\/wp-json\/wp\/v2\/posts\/365092\/revisions"}],"wp:featuredmedia":[{"embeddable":true,"href":"https:\/\/www.europesays.com\/at\/wp-json\/wp\/v2\/media\/365093"}],"wp:attachment":[{"href":"https:\/\/www.europesays.com\/at\/wp-json\/wp\/v2\/media?parent=365092"}],"wp:term":[{"taxonomy":"category","embeddable":true,"href":"https:\/\/www.europesays.com\/at\/wp-json\/wp\/v2\/categories?post=365092"},{"taxonomy":"post_tag","embeddable":true,"href":"https:\/\/www.europesays.com\/at\/wp-json\/wp\/v2\/tags?post=365092"}],"curies":[{"name":"wp","href":"https:\/\/api.w.org\/{rel}","templated":true}]}}