{"id":365118,"date":"2026-08-30T17:42:18","date_gmt":"2026-08-30T17:42:18","guid":{"rendered":"https:\/\/www.europesays.com\/at\/365118\/"},"modified":"2026-08-30T17:42:18","modified_gmt":"2026-08-30T17:42:18","slug":"aerger-bei-wienopolis-kindern-im-rathaus-eis-mit-sex-spruechen-ausgeteilt-kronen-zeitung","status":"publish","type":"post","link":"https:\/\/www.europesays.com\/at\/365118\/","title":{"rendered":"\u00c4rger bei \u201eWienopolis\u201c &#8211; Kindern im Rathaus Eis mit Sex-Spr\u00fcchen ausgeteilt &#8211; Kronen Zeitung"},"content":{"rendered":"<p><a href=\"https:\/\/news.google.com\/rss\/articles\/CBMiQkFVX3lxTE5YR3FWbF9zNmx4dDhwWTBtUGE0cmxkQXEzckdDM2xxaFVWR2swVjA4cGs2Q0gwaVdBYmJUUnluaGI5dw?oc=5\" target=\"_blank\" rel=\"nofollow noopener\">\u00c4rger bei \u201eWienopolis\u201c &#8211; Kindern im Rathaus Eis mit Sex-Spr\u00fcchen ausgeteilt<\/a>&nbsp;&nbsp;Kronen Zeitung<a href=\"https:\/\/news.google.com\/rss\/articles\/CBMiugFBVV95cUxPRkF0UHluanJXeUpMZ2I5SDZhMXlzTkRlTEx3YUgxeVBCdmJ3ODk4TjEwOXBuTDBNUmlHZ3NZVDhILW9UN3F0ZmNrcmxLMlo2REloeFZONjJsaU1zVmNZY3dMaEVjVy1XRG5wbkNSYWFBZXNxY1ZzYXVSVW0tQjF4U0wzQk0xVDkyV3N2ZDY5c0hUNm8yQ1R1aDl5R3BrbV9tMGFJNF9MRk1IVGVUT1NhSFpJbG0yUVBFaXc?oc=5\" target=\"_blank\" rel=\"nofollow noopener\">Wassereis mit anz\u00fcglichen Spr\u00fcchen: Was bei Kinderfest im Rathaus schiefgelaufen ist<\/a>&nbsp;&nbsp;Kurier<a href=\"https:\/\/news.google.com\/rss\/articles\/CBMijgFBVV95cUxQaUtNYUIwVEw4N3Fxd241Nkp1aThEUHM0NjZvS1ppbUZNVWUwQVFPUzNsaFA4cUpGR2Ytc2Rxb29sVUdTemZuQTlCRW1WMnVhU3ozVjNkMjV4NTVaWlhRbzBKd09WNlhHWFV4Rzh3ZmFLU1hfLWNKTEtjZ2h4TmZKR1BsSXNnNXkyZ0ZYQnJB?oc=5\" target=\"_blank\" rel=\"nofollow noopener\">Eis mit &#8222;Sex-Spr\u00fcchen&#8220;: Wirbel um Kinderfest im Rathaus<\/a>&nbsp;&nbsp;oe24<a href=\"https:\/\/news.google.com\/rss\/articles\/CBMiiAFBVV95cUxQQUE4MjFfWkNoUlc1T1Y1bHAydHVBcnhNTkQzZV94SFotaEpJaVZVd0kyOVlMZ3NJbkd1aXpjZnFrWGdHT2ZJN2M1WDdrZGZjS2RvTkg4V3BpTVBWTWlidFh6MGM4SUNTWjBrZlhQWEpNd1I1Rmt6U2xlcXV0WWFxOXJyTDRzX0d4?oc=5\" target=\"_blank\" rel=\"nofollow noopener\">Eltern sind emp\u00f6rt \u2013 Sex-Spr\u00fcche auf Kinder-Eis \u2013 Aufregung im Rathaus<\/a>&nbsp;&nbsp;Heute<a href=\"https:\/\/news.google.com\/rss\/articles\/CBMitwFBVV95cUxNcTBnbmpxZ1pIbW1LSnpiVklrRkw2Tm1LdmRDLWFPQUNZU2ZyeXNWVEJyNm9QUlpHQ2Jua0pEM1l4SVJ1Tm1raXdLbG5zYlpIOHRiRDJIMWtJY09NcGVkWDAtS1JpWHRXbzB4R0otbzRHVGlBZUhEUWF3ODFwVnpOMG1IQU5BZWJ5MV9xMTc4QUo1bFBzQ1ZTX1BzS1Y2QVEyc2NQWERMX2ZvUy0yb1I2bXIybVNtZzQ?oc=5\" target=\"_blank\" rel=\"nofollow noopener\">Mutter \u201eschockiert und fassungslos\u201c \u00fcber Eis mit Sex-Spr\u00fcchen bei Wienopolis<\/a>&nbsp;&nbsp;5 Minuten<\/p>\n","protected":false},"excerpt":{"rendered":"\u00c4rger bei \u201eWienopolis\u201c &#8211; Kindern im Rathaus Eis mit Sex-Spr\u00fcchen ausgeteilt&nbsp;&nbsp;Kronen ZeitungWassereis mit anz\u00fcglichen Spr\u00fcchen: Was bei Kinderfest&hellip;\n","protected":false},"author":2,"featured_media":365119,"comment_status":"","ping_status":"","sticky":false,"template":"","format":"standard","meta":{"footnotes":"","_share_on_mastodon":"0"},"categories":[6],"tags":[46,42,257,680,91965,44,413,43,45,91966,91967,91928],"class_list":["post-365118","post","type-post","status-publish","format-standard","has-post-thumbnail","category-oesterreich","tag-at","tag-austria","tag-deutschland","tag-fpoe","tag-melanie-h","tag-oesterreich","tag-oevp","tag-republic-of-austria","tag-republik-oesterreich","tag-ricarda-berger","tag-sabine-keri-wienxtra","tag-wienopolis"],"share_on_mastodon":{"url":"https:\/\/pubeurope.com\/@at\/117185697828197455","error":""},"_links":{"self":[{"href":"https:\/\/www.europesays.com\/at\/wp-json\/wp\/v2\/posts\/365118","targetHints":{"allow":["GET"]}}],"collection":[{"href":"https:\/\/www.europesays.com\/at\/wp-json\/wp\/v2\/posts"}],"about":[{"href":"https:\/\/www.europesays.com\/at\/wp-json\/wp\/v2\/types\/post"}],"author":[{"embeddable":true,"href":"https:\/\/www.europesays.com\/at\/wp-json\/wp\/v2\/users\/2"}],"replies":[{"embeddable":true,"href":"https:\/\/www.europesays.com\/at\/wp-json\/wp\/v2\/comments?post=365118"}],"version-history":[{"count":0,"href":"https:\/\/www.europesays.com\/at\/wp-json\/wp\/v2\/posts\/365118\/revisions"}],"wp:featuredmedia":[{"embeddable":true,"href":"https:\/\/www.europesays.com\/at\/wp-json\/wp\/v2\/media\/365119"}],"wp:attachment":[{"href":"https:\/\/www.europesays.com\/at\/wp-json\/wp\/v2\/media?parent=365118"}],"wp:term":[{"taxonomy":"category","embeddable":true,"href":"https:\/\/www.europesays.com\/at\/wp-json\/wp\/v2\/categories?post=365118"},{"taxonomy":"post_tag","embeddable":true,"href":"https:\/\/www.europesays.com\/at\/wp-json\/wp\/v2\/tags?post=365118"}],"curies":[{"name":"wp","href":"https:\/\/api.w.org\/{rel}","templated":true}]}}