{"id":365140,"date":"2026-08-30T17:57:07","date_gmt":"2026-08-30T17:57:07","guid":{"rendered":"https:\/\/www.europesays.com\/at\/365140\/"},"modified":"2026-08-30T17:57:07","modified_gmt":"2026-08-30T17:57:07","slug":"nur-noch-wenige-stunden-deadline-laeuft-ab-dann-knallt-preis-fuer-switch-2-hoch","status":"publish","type":"post","link":"https:\/\/www.europesays.com\/at\/365140\/","title":{"rendered":"Nur noch wenige Stunden \u2013 Deadline l\u00e4uft ab! Dann knallt Preis f\u00fcr Switch 2 hoch"},"content":{"rendered":"<p class=\"col-12 col-md-10 col-lg-8 gb-p raw mx-auto\">Wer mit dem Gedanken spielt, sich eine Nintendo Switch 2 zuzulegen, sollte sich beeilen: Ab Dienstag (1. September) steigt der Preis in Europa von 469,99 auf 499,99 Euro.<\/p>\n<p class=\"col-12 col-md-10 col-lg-8 gb-p raw mx-auto\">Nintendo nannte als Gr\u00fcnde f\u00fcr die Preisanpassung die sich wandelnden globalen Marktbedingungen sowie die steigenden Kosten f\u00fcr Komponenten (wie etwa RAM und Speicher, bedingt durch den KI-Boom). Selbst Nintendo-Pr\u00e4sident Shuntaro Furukawa entschuldigte sich \u00f6ffentlich f\u00fcr diesen Schritt.<\/p>\n<p>&#8222;Heute&#8220; auf Google als bevorzugte&amp;nbspQuelle festlegen<a href=\"https:\/\/www.google.com\/preferences\/source?q=heute.at\" rel=\"noopener noreferrer nofollow\" target=\"_blank\">Hinzuf\u00fcgen<\/a>Transparente Kommunikation sorgt f\u00fcr Diskussionen<\/p>\n<p class=\"col-12 col-md-10 col-lg-8 gb-p raw mx-auto\">Bemerkenswert ist die offene Kommunikation des Konzerns: Bereits Anfang Mai k\u00fcndigte Nintendo die Preiserh\u00f6hung an und gab Kunden damit fast vier Monate Vorlauf.<\/p>\n<p class=\"col-12 col-md-10 col-lg-8 gb-p raw mx-auto\">Mittlerweile finden sich sogar Hinweise an Demo-Stationen in Gesch\u00e4ften mit der Warnung, jetzt zuzuschlagen, bevor der Preis steigt.<\/p>\n<p class=\"col-12 col-md-10 col-lg-8 gb-p raw mx-auto\">Im Gegensatz dazu hatte Sony, der Hersteller der PlayStation, Preisanpassungen in der Vergangenheit deutlich kurzfristiger kommuniziert. Nintendo setzt damit auf Transparenz und warnt seine Kunden fr\u00fchzeitig.<\/p>\n<p>Fans loben Offenheit, vermuten aber Taktik<\/p>\n<p class=\"col-12 col-md-10 col-lg-8 gb-p raw mx-auto\">Im Internet wird Nintendos Vorgehen unterschiedlich aufgenommen. Viele Spieler loben die klare Kommunikation. Andere wiederum sehen laut &#8222;Bild&#8220;-Zeitung darin einen geschickten PR-Trick: Wer eigentlich warten wollte, k\u00f6nnte sich nun zum raschen Kauf gedr\u00e4ngt f\u00fchlen. Die Strategie wirkt somit kundenfreundlich, erh\u00f6ht aber gleichzeitig den Druck auf potenzielle K\u00e4ufer.<\/p>\n<p class=\"col-12 col-md-10 col-lg-8 gb-p raw mx-auto\">Letztlich zeigt sich: Die Angst vor steigenden Preisen ist oft das beste Verkaufsargument.<\/p>\n<p> {title &amp;&amp; {title} } tmw, {title &amp;&amp; {title} } 30.08.2026, 17:48<\/p>\n","protected":false},"excerpt":{"rendered":"Wer mit dem Gedanken spielt, sich eine Nintendo Switch 2 zuzulegen, sollte sich beeilen: Ab Dienstag (1. September)&hellip;\n","protected":false},"author":2,"featured_media":365141,"comment_status":"","ping_status":"","sticky":false,"template":"","format":"standard","meta":{"footnotes":"","_share_on_mastodon":"0"},"categories":[16],"tags":[46,42,44,97,96,101,98,100,99],"class_list":["post-365140","post","type-post","status-publish","format-standard","has-post-thumbnail","category-wissenschaft-technik","tag-at","tag-austria","tag-oesterreich","tag-science","tag-science-technology","tag-technik","tag-technology","tag-wissenschaft","tag-wissenschaft-technik"],"share_on_mastodon":{"url":"https:\/\/pubeurope.com\/@at\/117185756955733640","error":""},"_links":{"self":[{"href":"https:\/\/www.europesays.com\/at\/wp-json\/wp\/v2\/posts\/365140","targetHints":{"allow":["GET"]}}],"collection":[{"href":"https:\/\/www.europesays.com\/at\/wp-json\/wp\/v2\/posts"}],"about":[{"href":"https:\/\/www.europesays.com\/at\/wp-json\/wp\/v2\/types\/post"}],"author":[{"embeddable":true,"href":"https:\/\/www.europesays.com\/at\/wp-json\/wp\/v2\/users\/2"}],"replies":[{"embeddable":true,"href":"https:\/\/www.europesays.com\/at\/wp-json\/wp\/v2\/comments?post=365140"}],"version-history":[{"count":0,"href":"https:\/\/www.europesays.com\/at\/wp-json\/wp\/v2\/posts\/365140\/revisions"}],"wp:featuredmedia":[{"embeddable":true,"href":"https:\/\/www.europesays.com\/at\/wp-json\/wp\/v2\/media\/365141"}],"wp:attachment":[{"href":"https:\/\/www.europesays.com\/at\/wp-json\/wp\/v2\/media?parent=365140"}],"wp:term":[{"taxonomy":"category","embeddable":true,"href":"https:\/\/www.europesays.com\/at\/wp-json\/wp\/v2\/categories?post=365140"},{"taxonomy":"post_tag","embeddable":true,"href":"https:\/\/www.europesays.com\/at\/wp-json\/wp\/v2\/tags?post=365140"}],"curies":[{"name":"wp","href":"https:\/\/api.w.org\/{rel}","templated":true}]}}