{"id":365204,"date":"2026-08-30T18:55:07","date_gmt":"2026-08-30T18:55:07","guid":{"rendered":"https:\/\/www.europesays.com\/at\/365204\/"},"modified":"2026-08-30T18:55:07","modified_gmt":"2026-08-30T18:55:07","slug":"ueberraschung-bei-apple-poliertuch-kostet-jetzt-60-prozent-weniger","status":"publish","type":"post","link":"https:\/\/www.europesays.com\/at\/365204\/","title":{"rendered":"\u00dcberraschung bei Apple \u2013 Poliertuch kostet jetzt 60 Prozent weniger"},"content":{"rendered":"<p class=\"col-12 col-md-10 col-lg-8 gb-p raw mx-auto\">Bei den neuesten Produktvorstellungen von Apple gab es eine echte \u00dcberraschung: Das legend\u00e4re Apple Poliertuch, das 2021 f\u00fcr seinen Preis von 25 Euro bel\u00e4chelt wurde, kostet jetzt nur noch 10 Euro.<\/p>\n<p class=\"col-12 col-md-10 col-lg-8 gb-p raw mx-auto\">Das bedeutet eine Preissenkung von satten 60 Prozent. Apple hat den bisherigen Shop-Eintrag stillschweigend entfernt und durch einen neuen ersetzt &#8211; mit aktualisiertem Preis und neuer Produktnummer.<\/p>\n<p>&#8222;Heute&#8220; auf Google als bevorzugte&amp;nbspQuelle festlegen<a href=\"https:\/\/www.google.com\/preferences\/source?q=heute.at\" rel=\"noopener noreferrer nofollow\" target=\"_blank\">Hinzuf\u00fcgen<\/a><\/p>\n<p class=\"col-12 col-md-10 col-lg-8 gb-p raw mx-auto\">Wie die Macwelt meldet, handelt es sich augenscheinlich um ein identisches Produkt mit identischer Beschreibung. Die Bilder im Online-Shop lassen aber vermuten, dass Apple die Gr\u00f6\u00dfe des Tuchs leicht verkleinert hat.<\/p>\n<p>Macs werden teurer, Tuch g\u00fcnstiger<\/p>\n<p class=\"col-12 col-md-10 col-lg-8 gb-p raw mx-auto\">W\u00e4hrend das Poliertuch g\u00fcnstiger wird, steigen die Preise bei anderen Apple-Produkten: Der Mac Mini M6 ist ab 1.049 Euro erh\u00e4ltlich &#8211; ein enormer Anstieg gegen\u00fcber den 699 Euro, die das M4-Modell kostete. Der Mac Studio M5 Ultra beginnt sogar bei 6.599 Euro.<\/p>\n<p class=\"col-12 col-md-10 col-lg-8 gb-p raw mx-auto\">Das Poliertuch ist laut Apple aus weichem, abriebfreiem Material und reinigt jedes Apple Display schonend &#8211; auch Modelle mit Nanotextur. Die Kompatibilit\u00e4tsliste ist beeindruckend lang und umfasst alle iPhones und iPads seit 2012 sowie alle Apple Watches.<\/p>\n<p> {title &amp;&amp; {title} } tec, {title &amp;&amp; {title} } 30.08.2026, 18:07<\/p>\n","protected":false},"excerpt":{"rendered":"Bei den neuesten Produktvorstellungen von Apple gab es eine echte \u00dcberraschung: Das legend\u00e4re Apple Poliertuch, das 2021 f\u00fcr&hellip;\n","protected":false},"author":2,"featured_media":365205,"comment_status":"","ping_status":"","sticky":false,"template":"","format":"standard","meta":{"footnotes":"","_share_on_mastodon":"0"},"categories":[16],"tags":[46,42,44,97,96,101,98,100,99],"class_list":["post-365204","post","type-post","status-publish","format-standard","has-post-thumbnail","category-wissenschaft-technik","tag-at","tag-austria","tag-oesterreich","tag-science","tag-science-technology","tag-technik","tag-technology","tag-wissenschaft","tag-wissenschaft-technik"],"share_on_mastodon":{"url":"https:\/\/pubeurope.com\/@at\/117185985548884208","error":""},"_links":{"self":[{"href":"https:\/\/www.europesays.com\/at\/wp-json\/wp\/v2\/posts\/365204","targetHints":{"allow":["GET"]}}],"collection":[{"href":"https:\/\/www.europesays.com\/at\/wp-json\/wp\/v2\/posts"}],"about":[{"href":"https:\/\/www.europesays.com\/at\/wp-json\/wp\/v2\/types\/post"}],"author":[{"embeddable":true,"href":"https:\/\/www.europesays.com\/at\/wp-json\/wp\/v2\/users\/2"}],"replies":[{"embeddable":true,"href":"https:\/\/www.europesays.com\/at\/wp-json\/wp\/v2\/comments?post=365204"}],"version-history":[{"count":0,"href":"https:\/\/www.europesays.com\/at\/wp-json\/wp\/v2\/posts\/365204\/revisions"}],"wp:featuredmedia":[{"embeddable":true,"href":"https:\/\/www.europesays.com\/at\/wp-json\/wp\/v2\/media\/365205"}],"wp:attachment":[{"href":"https:\/\/www.europesays.com\/at\/wp-json\/wp\/v2\/media?parent=365204"}],"wp:term":[{"taxonomy":"category","embeddable":true,"href":"https:\/\/www.europesays.com\/at\/wp-json\/wp\/v2\/categories?post=365204"},{"taxonomy":"post_tag","embeddable":true,"href":"https:\/\/www.europesays.com\/at\/wp-json\/wp\/v2\/tags?post=365204"}],"curies":[{"name":"wp","href":"https:\/\/api.w.org\/{rel}","templated":true}]}}