{"id":365336,"date":"2026-08-30T20:51:11","date_gmt":"2026-08-30T20:51:11","guid":{"rendered":"https:\/\/www.europesays.com\/at\/365336\/"},"modified":"2026-08-30T20:51:11","modified_gmt":"2026-08-30T20:51:11","slug":"sieg-gegen-sturm-rapid-bleibt-in-der-liga-weiter-makellos","status":"publish","type":"post","link":"https:\/\/www.europesays.com\/at\/365336\/","title":{"rendered":"Sieg gegen Sturm! Rapid bleibt in der Liga weiter makellos"},"content":{"rendered":"<p>Rapid kann sich nach der internationalen Entt\u00e4uschung am f\u00fcnften Spieltag der ADMIRAL Bundesliga 3:1 gegen Sturm Graz durchsetzen.<\/p>\n<p>Besonders die Anfangsphase gestaltet sich torreich. F\u00fcr die Wiener ist es der vierte Erfolg im vierten Ligaspiel.<\/p>\n<p>Das Spiel beginnt direkt mit einem Aufreger. Heil bringt Haidara zu Fall (3.), es gibt Elfmeter. Demir tritt an und verwandelt in die rechte untere Ecke zu seinem zweiten Saisontor.<\/p>\n<p>Drei Tore in zehn Minuten<\/p>\n<p>Nach einer l\u00e4ngeren Ballbesitzphase von Rapid wird es nach zehn Minuten auf der Gegenseite gef\u00e4hrlich. Erst vergibt Koller nach einem Eckball, dann setzt sich Beganovic nach sch\u00f6ner Vorarbeit von H\u00f6dl und Simon Seidl durch und stellt auf 1:1 (10.).<\/p>\n<p>Die Anfangsphase bleibt turbulent. H\u00f6dl l\u00e4sst sich im Aufbauspiel den Ball abnehmen, dieser kommt anschlie\u00dfend zu Tilio. Der Rapidler bleibt vor Helac ruhig und kann auf 2:1 stellen.<\/p>\n<p>Rapid kann weitere Chancen durch Demir (24.), Tilio (35.) und Adamsen (35.) nicht nutzen und auch Simon Seidl (41.) bringt den Ball nicht im Tor unter.<\/p>\n<p>Hedl hat nach Patzer Gl\u00fcck<\/p>\n<p>Daraufhin haben die H\u00fctteldorfer Gl\u00fcck. Hedl trifft beim Absto\u00df Mitspieler Raux-Yao. Von diesem prallt das Spielger\u00e4t ab. Der Tormann l\u00e4uft zur\u00fcck und kann den Ausgleich der Grazer im letzten Moment verhindern.<\/p>\n<p>Nachdem Haidara in der Nachspielzeit der ersten H\u00e4lfte noch zweimal gef\u00e4hrlich vor Helac auftaucht, jedoch vom Tormann gestoppt wird, geht es mit einer 2:1-F\u00fchrung der H\u00fctteldorfer in die Kabine.<\/p>\n<p>Die erste gute M\u00f6glichkeit nach der Pause haben die Grazer. Vallci kommt nach einem Eckball alleinstehend zum Kopfball, dieser ist jedoch zu zentral angetragen, Hedl steht richtig (52.). Wenig sp\u00e4ter kann sich der Rapid-Goalie auch gegen Simon Seidl auszeichnen.<\/p>\n<p>Sturm gibt Ton in H\u00e4lfte zwei an<\/p>\n<p>Das Team von Fabio Ingolitsch attackiert hoch, Bajlicz verliert vor dem eigenen Tor den Ball. Diesen Schnitzer kann Weiper jedoch nicht ausnutzen (62.). Immer wieder kommen die Grazer vor das Tor, doch auch ein Kopfball von Weiper verfehlt das Tor (64.).<\/p>\n<p>Rapid tut sich in dieser Phase schwer, zu Entlastungsangriffen zu kommen. Mamageishvili hat zu viel Platz, aus der Distanz geht der Ball nur wenige Zentimeter neben das Tor (72.). Ab der 73. Minute darf Rapid dann auf Kapit\u00e4n <a href=\"https:\/\/www.laola1.at\/de\/daten\/news\/matthias-seidl\/\" class=\"tag\" rel=\"nofollow noopener\" target=\"_blank\">Matthias Seidl<\/a> z\u00e4hlen, der zu Beginn auf der Bank sa\u00df.<\/p>\n<p>Rapid mit Tempo in Schlussphase<\/p>\n<p>Entgegen des Spielverlaufs gibt es beinahe das 3:1 der Wiener. Sturm kann im letzten Moment kl\u00e4ren. Die Aktion scheint dem Team wieder Schwung zu geben. Helac muss gegen Dahl eingreifen, der es aus der Distanz probiert (82.).<\/p>\n<p>In der 86. Minute macht Dahl dann alles klar. Er wird kaum attackiert, macht einen Haken und trifft sehenswert ins rechte Eck.<\/p>\n<p>Vallci sieht Rot vom Platz<\/p>\n<p>Aufregung gibt es noch einmal in der 90. Minute. Vallci sieht, nachdem er Kara als letzter Mann zur\u00fcckhalten muss, Rot. Das soll es in H\u00fctteldorf gewesen sein. Rapid setzt sich mit 3:1 gegen Sturm Graz durch.<\/p>\n<p>In der Tabelle verweilen die Wiener nach dem Sieg auf Rang eins, punktegleich mit dem <a href=\"https:\/\/www.laola1.at\/de\/daten\/news\/fussball\/lask\/\" class=\"tag\" rel=\"nofollow noopener\" target=\"_blank\">LASK<\/a>. Sturm liegt vorerst auf Rang drei.<\/p>\n","protected":false},"excerpt":{"rendered":"Rapid kann sich nach der internationalen Entt\u00e4uschung am f\u00fcnften Spieltag der ADMIRAL Bundesliga 3:1 gegen Sturm Graz durchsetzen.&hellip;\n","protected":false},"author":2,"featured_media":365337,"comment_status":"","ping_status":"","sticky":false,"template":"","format":"standard","meta":{"footnotes":"","_share_on_mastodon":"0"},"categories":[18],"tags":[1069,46,42,4241,965,44,969,1072,109,108],"class_list":["post-365336","post","type-post","status-publish","format-standard","has-post-thumbnail","category-sport","tag-admiral-bundesliga","tag-at","tag-austria","tag-fabio-ingolitsch","tag-johannes-hoff-thorup","tag-oesterreich","tag-sk-rapid","tag-sk-sturm-graz","tag-sport","tag-sports"],"share_on_mastodon":{"url":"https:\/\/pubeurope.com\/@at\/117186440920198479","error":""},"_links":{"self":[{"href":"https:\/\/www.europesays.com\/at\/wp-json\/wp\/v2\/posts\/365336","targetHints":{"allow":["GET"]}}],"collection":[{"href":"https:\/\/www.europesays.com\/at\/wp-json\/wp\/v2\/posts"}],"about":[{"href":"https:\/\/www.europesays.com\/at\/wp-json\/wp\/v2\/types\/post"}],"author":[{"embeddable":true,"href":"https:\/\/www.europesays.com\/at\/wp-json\/wp\/v2\/users\/2"}],"replies":[{"embeddable":true,"href":"https:\/\/www.europesays.com\/at\/wp-json\/wp\/v2\/comments?post=365336"}],"version-history":[{"count":0,"href":"https:\/\/www.europesays.com\/at\/wp-json\/wp\/v2\/posts\/365336\/revisions"}],"wp:featuredmedia":[{"embeddable":true,"href":"https:\/\/www.europesays.com\/at\/wp-json\/wp\/v2\/media\/365337"}],"wp:attachment":[{"href":"https:\/\/www.europesays.com\/at\/wp-json\/wp\/v2\/media?parent=365336"}],"wp:term":[{"taxonomy":"category","embeddable":true,"href":"https:\/\/www.europesays.com\/at\/wp-json\/wp\/v2\/categories?post=365336"},{"taxonomy":"post_tag","embeddable":true,"href":"https:\/\/www.europesays.com\/at\/wp-json\/wp\/v2\/tags?post=365336"}],"curies":[{"name":"wp","href":"https:\/\/api.w.org\/{rel}","templated":true}]}}