{"id":365402,"date":"2026-08-30T21:51:09","date_gmt":"2026-08-30T21:51:09","guid":{"rendered":"https:\/\/www.europesays.com\/at\/365402\/"},"modified":"2026-08-30T21:51:09","modified_gmt":"2026-08-30T21:51:09","slug":"basketball-oebv-team-kassiert-zu-hause-eine-5991-schlappe-kronen-zeitung","status":"publish","type":"post","link":"https:\/\/www.europesays.com\/at\/365402\/","title":{"rendered":"Basketball &#8211; \u00d6BV-Team kassiert zu Hause eine 59:91-Schlappe &#8211; Kronen Zeitung"},"content":{"rendered":"<p><a href=\"https:\/\/news.google.com\/rss\/articles\/CBMiQkFVX3lxTFA4WDBrVjVSMmhiNXNDX19YZHBfTWEwUEY4Wm5HRTM2ZnFJejZ2cUxmdFUxRU5IcGdIREczZDRlWWVWZw?oc=5\" target=\"_blank\" rel=\"nofollow noopener\">Basketball &#8211; \u00d6BV-Team kassiert zu Hause eine 59:91-Schlappe<\/a>&nbsp;&nbsp;Kronen Zeitung<a href=\"https:\/\/news.google.com\/rss\/articles\/CBMinAFBVV95cUxNUnJVaVFnMmlWdmF2RjY5Y2NiY3lfd1FZTXMtandNcjFJcVplckl5cDRDRkpaM1FEcndsLWM5dEc2U0hFczh0aldYcEFoS2tDbUJEMTJVbU5kU3Jja0xBazFlZVhYUXJrMDNPT3ozZ045QzdmNjU0MnNSeEx0b3J6czBnY0xZQ1NOM2huSG9sbWJmVmlmS2U5M1VIczI?oc=5\" target=\"_blank\" rel=\"nofollow noopener\">\u00d6BV-Team kassiert in EM-Vorqualifikation 59:91-Schlappe<\/a>&nbsp;&nbsp;N\u00d6N.at &#8211; Nieder\u00f6sterreichische Nachrichten<a href=\"https:\/\/news.google.com\/rss\/articles\/CBMixgFBVV95cUxPMmpuMjBqV0E2andMcVJINEI4TWpwamhVU3BHQXFKc05zRmF0WGhuZVFyU1RocGJkaHMtQk4xUTh0cUF2VFhsdmxzdnpFRkRfdG9xdHMwN3d3R3pFS0VoVk1EWWtBTS1LS2k4SnNhYkxucEpiQVZlYm1vYTJVY0dyY0JTZXZKejBVVVQxN0pyRkNEc0x0c3FwOS1Dd3I1dXZhMGxjZ28xbjBKMWx3M1lEMkEwZVBiRjg0eVR3cW5KYUJVQ3lKdGc?oc=5\" target=\"_blank\" rel=\"nofollow noopener\">Basketball: \u00d6sterreich verliert EM-Vorquali-Auftakt auf Zypern<\/a>&nbsp;&nbsp;LAOLA1<a href=\"https:\/\/news.google.com\/rss\/articles\/CBMifkFVX3lxTE15TDFPVDVZOUZXYWFocjhmd0pRWERBRGx5VjlEV0dVQXEwRFlOSDFUOU1VWUNTZFktTVlzZnlZT1hRVDFrVHNmMnV4SDcyTnhieHhJdVNfSFNfVDJHM2tORkJBREozRHFxVzRRd1FFSW80Z3UzYXEzX1FJa0J0QQ?oc=5\" target=\"_blank\" rel=\"nofollow noopener\">Basketballer unterliegen Nordmazedonien<\/a>&nbsp;&nbsp;olympia.at<a href=\"https:\/\/news.google.com\/rss\/articles\/CBMiiwFBVV95cUxQY3FDVWkzT0FqS1J5NVZnX2J3SXVzVmxpai1FS1NhN3VMRGtYU1N4UDRBWERzSTNTYjRPZ1dzbE5UUnN5TmpWM1lWMWNFYVJvNm5HQnhzWnFNWEszZnV2MGhXYko4QXNqUTZGQmY4YzFBWkRUM3pSa0R2N2RKNG9rc2lNTVZTRlhQdkNR0gGQAUFVX3lxTE5vNGY2Qlpuc0VTRFREQ1hrZzh3eHdqNXFYVTFGRkJQMEZtbjFXYzQtRGhQaDNPQzVHZGlDazl0Z1g3OTc1eVB1YUNhd0ZxYTUxdFdUVnNRYTAybF9kc09VRDlyMUg0OEh6ZDNMek1UMTJOWXJiMWlDSXlKZzlKeWVWOENvRThZM21JQzB6X1hZNQ?oc=5\" target=\"_blank\" rel=\"nofollow noopener\">Verbot! Raptors lassen P\u00f6ltl nicht zum Nationalteam<\/a>&nbsp;&nbsp;oe24<\/p>\n","protected":false},"excerpt":{"rendered":"Basketball &#8211; \u00d6BV-Team kassiert zu Hause eine 59:91-Schlappe&nbsp;&nbsp;Kronen Zeitung\u00d6BV-Team kassiert in EM-Vorqualifikation 59:91-Schlappe&nbsp;&nbsp;N\u00d6N.at &#8211; Nieder\u00f6sterreichische NachrichtenBasketball: \u00d6sterreich verliert&hellip;\n","protected":false},"author":2,"featured_media":365403,"comment_status":"","ping_status":"","sticky":false,"template":"","format":"standard","meta":{"footnotes":"","_share_on_mastodon":"0"},"categories":[18],"tags":[92017,46,42,92018,92019,92020,33989,75510,44,109,108,182,10008],"class_list":["post-365402","post","type-post","status-publish","format-standard","has-post-thumbnail","category-sport","tag-aramis-naglic","tag-at","tag-austria","tag-enis-murati","tag-erol-ersek","tag-naglic","tag-nordmazedonien","tag-oebv","tag-oesterreich","tag-sport","tag-sports","tag-wien","tag-zypern"],"share_on_mastodon":{"url":"https:\/\/pubeurope.com\/@at\/117186676813404303","error":""},"_links":{"self":[{"href":"https:\/\/www.europesays.com\/at\/wp-json\/wp\/v2\/posts\/365402","targetHints":{"allow":["GET"]}}],"collection":[{"href":"https:\/\/www.europesays.com\/at\/wp-json\/wp\/v2\/posts"}],"about":[{"href":"https:\/\/www.europesays.com\/at\/wp-json\/wp\/v2\/types\/post"}],"author":[{"embeddable":true,"href":"https:\/\/www.europesays.com\/at\/wp-json\/wp\/v2\/users\/2"}],"replies":[{"embeddable":true,"href":"https:\/\/www.europesays.com\/at\/wp-json\/wp\/v2\/comments?post=365402"}],"version-history":[{"count":0,"href":"https:\/\/www.europesays.com\/at\/wp-json\/wp\/v2\/posts\/365402\/revisions"}],"wp:featuredmedia":[{"embeddable":true,"href":"https:\/\/www.europesays.com\/at\/wp-json\/wp\/v2\/media\/365403"}],"wp:attachment":[{"href":"https:\/\/www.europesays.com\/at\/wp-json\/wp\/v2\/media?parent=365402"}],"wp:term":[{"taxonomy":"category","embeddable":true,"href":"https:\/\/www.europesays.com\/at\/wp-json\/wp\/v2\/categories?post=365402"},{"taxonomy":"post_tag","embeddable":true,"href":"https:\/\/www.europesays.com\/at\/wp-json\/wp\/v2\/tags?post=365402"}],"curies":[{"name":"wp","href":"https:\/\/api.w.org\/{rel}","templated":true}]}}