{"id":365518,"date":"2026-08-31T00:08:11","date_gmt":"2026-08-31T00:08:11","guid":{"rendered":"https:\/\/www.europesays.com\/at\/365518\/"},"modified":"2026-08-31T00:08:11","modified_gmt":"2026-08-31T00:08:11","slug":"21-milliarden-ohne-kinder-wer-jetzt-kuehnes-imperium-uebernimmt-vol-at","status":"publish","type":"post","link":"https:\/\/www.europesays.com\/at\/365518\/","title":{"rendered":"21 Milliarden ohne Kinder: Wer jetzt K\u00fchnes Imperium \u00fcbernimmt &#8211; VOL.AT"},"content":{"rendered":"<p><a href=\"https:\/\/news.google.com\/rss\/articles\/CBMilgFBVV95cUxORDM4TER1S3duSWJES2hHTF91blZ1ZlpBV2lGM3hOOXFfNUQzZURRbWl6a0xwZ09pTDMwZXhkRDFBaDg3aGpqZVZlZW9xN2U2Ylc1a0tiaGFlQ0dfM0tJTm1MNzB0WC1iemtWT2s3UjN1T2tPWjNITFhlcm1UZkNzZ3NxRFJ5UWQ4aS1KMTd2TWhtNnVvR0E?oc=5\" target=\"_blank\" rel=\"nofollow noopener\">21 Milliarden ohne Kinder: Wer jetzt K\u00fchnes Imperium \u00fcbernimmt<\/a>&nbsp;&nbsp;VOL.AT<a href=\"https:\/\/news.google.com\/rss\/articles\/CBMiqgFBVV95cUxNVXdLa29WVDkxbGpKZXRPYnlDZ09hOVNvc3U0dWtITm0tcWtxTUwtclFKNmU0alVNWkV1OEtOOFlHTzNYbVJjX3M3X01aNVRnQV81TGJDRFV6dkhvYVdDLWVFVjgwbU1MNklLYUZQSXJIS25TVzFGaS05ZmZvWHhza204Y2htVkFyN2RkNGdQRkttMmhjVHNGQThrbmZBbzlWSEhPWmNnVV93Zw?oc=5\" target=\"_blank\" rel=\"nofollow noopener\">Nach dem Tod von Klaus-Michael K\u00fchne: Das passiert mit seinem Verm\u00f6gen von 49 Milliarden Dollar<\/a>&nbsp;&nbsp;DiePresse.com<a href=\"https:\/\/news.google.com\/rss\/articles\/CBMif0FVX3lxTFBfMVJmUmg5SnNmbUVJQjB4enVfRmJqMkR0VU1VOG56VHVrbUc1enpHMDk1RmNxcU0xS0wzdVBZSFg0bXg2MXdTM1RoSWk3NG5KeWJoaU15UnZMSUpGSE9sei1SaXgtVmFkaVc4cXlwY1RyRjlIOV9ocDZxUzhabkU?oc=5\" target=\"_blank\" rel=\"nofollow noopener\">Nach dem Tod Klaus-Michael K\u00fchnes geht sein Verm\u00f6gen an seine Stiftung<\/a>&nbsp;&nbsp;SZ.de<a href=\"https:\/\/news.google.com\/rss\/articles\/CBMid0FVX3lxTE9oVUZ2Mmh0dVRrSUo3UUZKOXgta2syZGJRWE8tOUwtRzlncmdDZUtXZ3BLMk9jY0Y4TGtDY3BxaXhISDBRNmh2bGpkLTB0S20xb1k1SzJWR2pyYzBrbnJGcjY0VFpERVhCSjVMN3BCWkNRTzNsdnhj?oc=5\" target=\"_blank\" rel=\"nofollow noopener\">Investment \/ Neue Unsicherheit f\u00fcr den Hamburger Elbtower<\/a>&nbsp;&nbsp;immofokus.at<a href=\"https:\/\/news.google.com\/rss\/articles\/CBMingFBVV95cUxNc2hISFRKalRDZkZ4NmJoV0VfVVBvUVU3X2swQXVLQnVOdGhtZ3hsRDJtdDNHWTlYNHBQYkplSjJUbkZET3VIUFRfUVk1dTE1d05UQl9zV21XNWF3MVFhQlJ0eTFTeUdUeDAxeXFRZ1BXT1E3OTU4eURpN0c3ejVZVkFEMk5tcEozNEk1Q3pfTXR0STFhcWlueWw5Tnc5dw?oc=5\" target=\"_blank\" rel=\"nofollow noopener\">Ein Herz f\u00fcr junge S\u00e4ngerinnen und S\u00e4nger<\/a>&nbsp;&nbsp;DrehpunktKultur<\/p>\n","protected":false},"excerpt":{"rendered":"21 Milliarden ohne Kinder: Wer jetzt K\u00fchnes Imperium \u00fcbernimmt&nbsp;&nbsp;VOL.ATNach dem Tod von Klaus-Michael K\u00fchne: Das passiert mit seinem&hellip;\n","protected":false},"author":2,"featured_media":365519,"comment_status":"","ping_status":"","sticky":false,"template":"","format":"standard","meta":{"footnotes":"","_share_on_mastodon":"0"},"categories":[12],"tags":[92058,296,92059,38455,30112,828,27455,3958,92060,92061,40,41,39,66,255,65,64],"class_list":["post-365518","post","type-post","status-publish","format-standard","has-post-thumbnail","category-welt","tag-beteiligungen","tag-bilanz","tag-brenntag","tag-erbe","tag-familienunternehmen","tag-hamburg","tag-hapag-lloyd","tag-hsv","tag-joerg-wolle","tag-karl-gernandt","tag-nachrichten","tag-news","tag-schlagzeilen","tag-welt","tag-wirtschaft","tag-world","tag-world-news"],"share_on_mastodon":{"url":"","error":""},"_links":{"self":[{"href":"https:\/\/www.europesays.com\/at\/wp-json\/wp\/v2\/posts\/365518","targetHints":{"allow":["GET"]}}],"collection":[{"href":"https:\/\/www.europesays.com\/at\/wp-json\/wp\/v2\/posts"}],"about":[{"href":"https:\/\/www.europesays.com\/at\/wp-json\/wp\/v2\/types\/post"}],"author":[{"embeddable":true,"href":"https:\/\/www.europesays.com\/at\/wp-json\/wp\/v2\/users\/2"}],"replies":[{"embeddable":true,"href":"https:\/\/www.europesays.com\/at\/wp-json\/wp\/v2\/comments?post=365518"}],"version-history":[{"count":0,"href":"https:\/\/www.europesays.com\/at\/wp-json\/wp\/v2\/posts\/365518\/revisions"}],"wp:featuredmedia":[{"embeddable":true,"href":"https:\/\/www.europesays.com\/at\/wp-json\/wp\/v2\/media\/365519"}],"wp:attachment":[{"href":"https:\/\/www.europesays.com\/at\/wp-json\/wp\/v2\/media?parent=365518"}],"wp:term":[{"taxonomy":"category","embeddable":true,"href":"https:\/\/www.europesays.com\/at\/wp-json\/wp\/v2\/categories?post=365518"},{"taxonomy":"post_tag","embeddable":true,"href":"https:\/\/www.europesays.com\/at\/wp-json\/wp\/v2\/tags?post=365518"}],"curies":[{"name":"wp","href":"https:\/\/api.w.org\/{rel}","templated":true}]}}