{"id":365560,"date":"2026-08-31T01:07:18","date_gmt":"2026-08-31T01:07:18","guid":{"rendered":"https:\/\/www.europesays.com\/at\/365560\/"},"modified":"2026-08-31T01:07:18","modified_gmt":"2026-08-31T01:07:18","slug":"nach-pruegelattacke-spoe-fordert-ausweisung-von-ex-identitaeren-chef-kronen-zeitung","status":"publish","type":"post","link":"https:\/\/www.europesays.com\/at\/365560\/","title":{"rendered":"Nach Pr\u00fcgelattacke: &#8211; SP\u00d6 fordert Ausweisung von Ex-Identit\u00e4ren-Chef &#8211; Kronen Zeitung"},"content":{"rendered":"<p><a href=\"https:\/\/news.google.com\/rss\/articles\/CBMiQkFVX3lxTE9MR2otWnNpanoxODlHd1FzVXpXU2p0QjMzaVoyLTNDMnJUMVk3N2lTUUNYcHJVb2lPR25xWHVGVEt4UQ?oc=5\" target=\"_blank\" rel=\"nofollow noopener\">Nach Pr\u00fcgelattacke: &#8211; SP\u00d6 fordert Ausweisung von Ex-Identit\u00e4ren-Chef<\/a>&nbsp;&nbsp;Kronen Zeitung<a href=\"https:\/\/news.google.com\/rss\/articles\/CBMijgFBVV95cUxQZ293VWduZ253bzdid2MtUUxrZjZtXzJNSTVycnlRbU5xcGxGNElBQnh3R0I0bHo2aXp5Z0YwekdJMHpHakhwczdIbm5pdTltbVNSNS1GSjJaOUtGS1prUk9ZSWFiV25uZzJqdlR4MGVRWXJsNDEyS3NPdURRNUhyQWpJcUFRZG5ZSF9nSmhB?oc=5\" target=\"_blank\" rel=\"nofollow noopener\">Einige unangenehme Wahrheiten zur FP\u00d6<\/a>&nbsp;&nbsp;Der Standard<a href=\"https:\/\/news.google.com\/rss\/articles\/CBMivAFBVV95cUxNV0lmS0hJcHQ3S1JYdHUxUzBXekZoYnE0UXR6d0ZKLS0yU3BYSHRrbkFzM2g1NGZxUUh3c3Y3emF0M2hiTW9NQ2ZXczhJSmZvVEVXblo1X2w0NGdFbHRTei11ckVKNm52M2Y4WXhjTGVOcVQzSTlzNVJ4N2w2UEQ0X2w5SnFYOEI0OUtDNjA3Y0NmOGZ4enNkemdNelR5cjhSWkE0Z3hYWkxjM3pGTXlxSG5OWDJnRG5oLTBhYw?oc=5\" target=\"_blank\" rel=\"nofollow noopener\">Verbot von AfD und Identit\u00e4ren: Was, wenn jemand die Demokratie kapert?<\/a>&nbsp;&nbsp;Salzburger Nachrichten<a href=\"https:\/\/news.google.com\/rss\/articles\/CBMiygFBVV95cUxQSEI1ZnE1QkF2Zmt6czFsdEw1OHBfWUxzdDhnd05fY2F4eGI4eHdaOHgzc2MyLVRLMUVKN25EaEdnTlU5TUF3UnI2YXFQR3VneTRXVkEwdFRnWjlHNTQtSTBBdlFpYUdxdU56YkR3eUZZMkFfekxFdndkS0pKTG5Rcjh0QXVjTTBtSEhrMzBvMXJBOTJzYjh4cTF1TWVsdktjOEVaZW9jRmJiWlZVbXFweTVvcFU2UXpjNFYydk9NS29OSDBNMFAwS3pR?oc=5\" target=\"_blank\" rel=\"nofollow noopener\">Staatsschutz sieht engere Verbindung zwischen FP\u00d6 und Identit\u00e4ren<\/a>&nbsp;&nbsp;Ober\u00f6sterreichische Nachrichten<a href=\"https:\/\/news.google.com\/rss\/articles\/CBMijgFBVV95cUxPWm5ad09faG5tN2VnQ0s1ak9oVVVNeGdoalo1b3BrZENVNU8wSGdJcHE0TFh3LWNVUExrT282aTdFZkxQcHFpZXJYZmVtNEtaTFhxRHRsQ1c2aHpYZ0FPUFVIazJhLUJMUU9yMURYb1V2UFdDWTRfU19RdWFvbzB6VVppMjJacno2Wm5RUkln?oc=5\" target=\"_blank\" rel=\"nofollow noopener\">Bekommt FP\u00d6-Chef Herbert Kickl jetzt ein Problem?<\/a>&nbsp;&nbsp;Kleine Zeitung<\/p>\n","protected":false},"excerpt":{"rendered":"Nach Pr\u00fcgelattacke: &#8211; SP\u00d6 fordert Ausweisung von Ex-Identit\u00e4ren-Chef&nbsp;&nbsp;Kronen ZeitungEinige unangenehme Wahrheiten zur FP\u00d6&nbsp;&nbsp;Der StandardVerbot von AfD und Identit\u00e4ren:&hellip;\n","protected":false},"author":2,"featured_media":365561,"comment_status":"","ping_status":"","sticky":false,"template":"","format":"standard","meta":{"footnotes":"","_share_on_mastodon":"0"},"categories":[6],"tags":[46,42,30255,92069,680,92070,26222,15735,23447,28157,358,44,43,45,42934,1121,3753],"class_list":["post-365560","post","type-post","status-publish","format-standard","has-post-thumbnail","category-oesterreich","tag-at","tag-austria","tag-claudia-bauer","tag-fj","tag-fpoe","tag-freiheitlichen-jugend","tag-fremdenpolizeigesetz","tag-innenminister","tag-karner","tag-klaus-seltenheim","tag-leoben","tag-oesterreich","tag-republic-of-austria","tag-republik-oesterreich","tag-seltenheim","tag-spoe","tag-wiener"],"share_on_mastodon":{"url":"https:\/\/pubeurope.com\/@at\/117187447827184683","error":""},"_links":{"self":[{"href":"https:\/\/www.europesays.com\/at\/wp-json\/wp\/v2\/posts\/365560","targetHints":{"allow":["GET"]}}],"collection":[{"href":"https:\/\/www.europesays.com\/at\/wp-json\/wp\/v2\/posts"}],"about":[{"href":"https:\/\/www.europesays.com\/at\/wp-json\/wp\/v2\/types\/post"}],"author":[{"embeddable":true,"href":"https:\/\/www.europesays.com\/at\/wp-json\/wp\/v2\/users\/2"}],"replies":[{"embeddable":true,"href":"https:\/\/www.europesays.com\/at\/wp-json\/wp\/v2\/comments?post=365560"}],"version-history":[{"count":0,"href":"https:\/\/www.europesays.com\/at\/wp-json\/wp\/v2\/posts\/365560\/revisions"}],"wp:featuredmedia":[{"embeddable":true,"href":"https:\/\/www.europesays.com\/at\/wp-json\/wp\/v2\/media\/365561"}],"wp:attachment":[{"href":"https:\/\/www.europesays.com\/at\/wp-json\/wp\/v2\/media?parent=365560"}],"wp:term":[{"taxonomy":"category","embeddable":true,"href":"https:\/\/www.europesays.com\/at\/wp-json\/wp\/v2\/categories?post=365560"},{"taxonomy":"post_tag","embeddable":true,"href":"https:\/\/www.europesays.com\/at\/wp-json\/wp\/v2\/tags?post=365560"}],"curies":[{"name":"wp","href":"https:\/\/api.w.org\/{rel}","templated":true}]}}