{"id":365652,"date":"2026-08-31T03:25:12","date_gmt":"2026-08-31T03:25:12","guid":{"rendered":"https:\/\/www.europesays.com\/at\/365652\/"},"modified":"2026-08-31T03:25:12","modified_gmt":"2026-08-31T03:25:12","slug":"autofahrer-aufgepasst-die-baustellen-starten-auf-grazer-strassen","status":"publish","type":"post","link":"https:\/\/www.europesays.com\/at\/365652\/","title":{"rendered":"Autofahrer, aufgepasst! Die Baustellen starten auf Grazer Stra\u00dfen"},"content":{"rendered":"<p>Zu den laufenden Gro\u00dfbaustellen in Graz kommen ab Montag weitere Grabungen hinzu: ein \u00dcberblick seitens des Stra\u00dfenamts. <\/p>\n<p class=\"klz-story-element-paragraph klz-text-copy\" data-testid=\"article-paragraph\">Die gr\u00f6\u00dfte Erleichterung konnte das Land Steiermark schon letzte Woche vermelden: Die Baustelle am Glacis, doch eine der meistbefahrenen Stra\u00dfen in Graz, wurde ein paar Tage fr\u00fcher als geplant fertig, schon seit Mittwoch letzter Woche gibt es hier freie Fahrt. <\/p>\n<p class=\"klz-story-element-paragraph klz-text-copy\" data-testid=\"article-paragraph\">Auch bei der Langzeitbaustelle beim Hilmteich wird weitergearbeitet: In der Hilmteichstra\u00dfe (zwischen Auersperggasse und Hilmgasse) sind am Dienstag, 1. September, Nachtarbeiten notwendig.<\/p>\n<p class=\"klz-story-element-paragraph klz-text-copy\" data-testid=\"article-paragraph\">Ansonsten ist die Zahl der neu startenden Baustellen gegen Ende der Sommerferien hier \u00fcberschaubar: <\/p>\n<p class=\"klz-story-element-paragraph klz-text-copy\" data-testid=\"article-paragraph\">Mariatroster Stra\u00dfe 142a: Ab 31. August und bis 18. September sind hier ein Fahrstreifen gesperrt und eine Postenregelung notwendig. Grund ist ein Schiebertausch eines privaten Auftraggebers. Gearbeitet wird je zwischen 8 und 15 Uhr. <\/p>\n<p class=\"klz-story-element-paragraph klz-text-copy\" data-testid=\"article-paragraph\">Marburger Stra\u00dfe: Ein ewiges Problem in der Fahrradstra\u00dfe: Erneut wurden die Poller besch\u00e4digt und m\u00fcssen repariert werden. Das passiert am Dienstag, 1. September, zwischen 9 und 12 Uhr. Die Holding Graz Linien m\u00fcssen die Linie 64E daher umleiten: Richtung Puntigam fahren die Busse ab der Haltestelle Morrehof \u00fcber die St.-Peter-Hauptstra\u00dfe \u2013 Petrifelderstra\u00dfe zur Haltestelle Paul-Keller-Gasse und weiter nach Puntigam. Richtung St. Leonhard\/Klinikum Mitte: Ab der Haltestelle Paul-Keller-Gasse fahren die Busse \u00fcber Petrifelderstra\u00dfe \u2013 St.-Peter-Hauptstra\u00dfe zur Haltestelle Morrehof und weiter wie bisher nach St. Leonhard.<\/p>\n<p class=\"klz-story-element-paragraph klz-text-copy\" data-testid=\"article-paragraph\">Ragnitzstra\u00dfe 59\u2013149: Noch bis 31. August kommt es zu punktuellen Einschr\u00e4nkungen und einer Postenregelung, ein Mobilfunkbetreiber verlegt Glasfaserleitungen. <\/p>\n<p class=\"klz-story-element-paragraph klz-text-copy\" data-testid=\"article-paragraph\">Steinbergstra\u00dfe 30\u201335: Ein Mast muss getauscht werden, von 31. August bis 16. September gilt eine Postenregelung. Gearbeitet wird jeweils von 9.30 bis 15 Uhr. <\/p>\n<p class=\"klz-story-element-paragraph klz-text-copy\" data-testid=\"article-paragraph\">Eine \u00dcbersicht der weiterhin aufrechten Baustellen findet sich auf <a href=\"https:\/\/www.graz.at\/cms\/ziel\/7755789\/\" target=\"_blank\" rel=\"nofollow noopener\">graz.at<\/a>.<\/p>\n<p>Mehr zum Thema<a href=\"https:\/\/www.kleinezeitung.at\/artikel\/41185450\/grazer-dietrichsteinplatz-wird-umgebaut-zumindest-ein-wenig\" class=\"shrink-0 relative\" rel=\"nofollow noopener\" target=\"_blank\"><img decoding=\"async\" src=\"https:\/\/www.europesays.com\/at\/wp-content\/uploads\/2026\/08\/1788146712_39_DstP.jpg\" alt=\"Die Arbeiten am Dietrichsteinplatz sind im Laufen\" loading=\"lazy\" fetchpriority=\"auto\"  class=\"size-32 @[380px]:size-36 aspect-square object-cover object-top rounded-l-xl overflow-hidden\"\/><\/a><\/p>\n","protected":false},"excerpt":{"rendered":"Zu den laufenden Gro\u00dfbaustellen in Graz kommen ab Montag weitere Grabungen hinzu: ein \u00dcberblick seitens des Stra\u00dfenamts. Die&hellip;\n","protected":false},"author":2,"featured_media":365653,"comment_status":"","ping_status":"","sticky":false,"template":"","format":"standard","meta":{"footnotes":"","_share_on_mastodon":"0"},"categories":[29],"tags":[46,42,81142,183,44,2611,2232,29537,304],"class_list":["post-365652","post","type-post","status-publish","format-standard","has-post-thumbnail","category-graz","tag-at","tag-austria","tag-baustellen-graz","tag-graz","tag-oesterreich","tag-sanierung","tag-sperre","tag-strassen","tag-verkehr"],"share_on_mastodon":{"url":"https:\/\/pubeurope.com\/@at\/117187990729144154","error":""},"_links":{"self":[{"href":"https:\/\/www.europesays.com\/at\/wp-json\/wp\/v2\/posts\/365652","targetHints":{"allow":["GET"]}}],"collection":[{"href":"https:\/\/www.europesays.com\/at\/wp-json\/wp\/v2\/posts"}],"about":[{"href":"https:\/\/www.europesays.com\/at\/wp-json\/wp\/v2\/types\/post"}],"author":[{"embeddable":true,"href":"https:\/\/www.europesays.com\/at\/wp-json\/wp\/v2\/users\/2"}],"replies":[{"embeddable":true,"href":"https:\/\/www.europesays.com\/at\/wp-json\/wp\/v2\/comments?post=365652"}],"version-history":[{"count":0,"href":"https:\/\/www.europesays.com\/at\/wp-json\/wp\/v2\/posts\/365652\/revisions"}],"wp:featuredmedia":[{"embeddable":true,"href":"https:\/\/www.europesays.com\/at\/wp-json\/wp\/v2\/media\/365653"}],"wp:attachment":[{"href":"https:\/\/www.europesays.com\/at\/wp-json\/wp\/v2\/media?parent=365652"}],"wp:term":[{"taxonomy":"category","embeddable":true,"href":"https:\/\/www.europesays.com\/at\/wp-json\/wp\/v2\/categories?post=365652"},{"taxonomy":"post_tag","embeddable":true,"href":"https:\/\/www.europesays.com\/at\/wp-json\/wp\/v2\/tags?post=365652"}],"curies":[{"name":"wp","href":"https:\/\/api.w.org\/{rel}","templated":true}]}}