{"id":365678,"date":"2026-08-31T03:48:23","date_gmt":"2026-08-31T03:48:23","guid":{"rendered":"https:\/\/www.europesays.com\/at\/365678\/"},"modified":"2026-08-31T03:48:23","modified_gmt":"2026-08-31T03:48:23","slug":"das-rote-sofa-mit-inka-schneider-dieser-gast-ist-heute-dabei","status":"publish","type":"post","link":"https:\/\/www.europesays.com\/at\/365678\/","title":{"rendered":"&#8222;DAS! Rote Sofa&#8220; mit Inka Schneider: Dieser Gast ist heute dabei"},"content":{"rendered":"<p>Talkshow im NDR <\/p>\n<p>&#8222;DAS! Rote Sofa&#8220;: Dieser Gast ist heute dabei<\/p>\n<p>30.08.2026 &#8211; 08:09 UhrLesedauer: 2 Min.<\/p>\n<p><a href=\"#focus-0\" class=\"transition-colors block text-current relative\" data-sctrack=\"FocusGalleryImage.Reference\"><img fetchpriority=\"high\" data-testid=\"Opener.Image\"   loading=\"eager\" src=\"https:\/\/www.europesays.com\/at\/wp-content\/uploads\/2026\/08\/das-moderations-team-der-sendung-inka-schneider-bettina-tietjen-hinnerk-baumgarten-und-ilka-petersen.jpeg\" alt=\"Das Moderations-Team der Sendung: Inka Schneider, Bettina Tietjen, Hinnerk Baumgarten und Ilka Petersen (v. l. n. r.)\" title=\"Das Moderations-Team der Sendung: Inka Schneider, Bettina Tietjen, Hinnerk Baumgarten und Ilka Petersen (v. l. n. r.)\" width=\"2192\" height=\"1233\" class=\"bg-[url:var(--lqipURL)] bg-cover bg-center flex h-full w-full max-w-full\" style=\"--lqipURL:url('https:\/\/images.t-online.de\/2026\/07\/qY4Qp4qvMGVA\/983x687:2192x1233\/fit-in\/150x0\/filters:blur(25)\/das-moderations-team-der-sendung-inka-schneider-bettina-tietjen-hinnerk-baumgarten-und-ilka-petersen-v-l-n-r.jpg')\" decoding=\"async\"\/><img loading=\"lazy\" src=\"https:\/\/www.t-online.de\/s\/paper\/_next\/static\/media\/zoom-in.f7dae02f.svg\" alt=\"Vergr\u00f6\u00dfern des Bildes\" title=\"Vergr\u00f6\u00dfern des Bildes\" class=\"block h-[calc(var(--height)_\/_16_*_1rem)] w-[calc(var(--width)_\/_16_*_1rem)] max-w-none absolute right-8 bottom-8 rounded-4 bg-snow p-8\" style=\"--width:32;--height:32\" decoding=\"async\"\/><\/a><\/p>\n<p>Das Moderations-Team der Sendung: Inka Schneider, Bettina Tietjen, Hinnerk Baumgarten und Ilka Petersen (v. l. n. r.) (Quelle: NDR\/Janis R\u00f6hlig)<\/p>\n<p><img loading=\"lazy\" src=\"https:\/\/www.t-online.de\/s\/paper\/_next\/static\/media\/audio-volume.6689034c.svg\" alt=\"\" title=\"\" class=\"block h-[calc(var(--height)_\/_16_*_1rem)] w-[calc(var(--width)_\/_16_*_1rem)] max-w-none group-hover:brightness-0 group-hover:invert\" style=\"--width:16;--height:16\" decoding=\"async\"\/>Vorlesen<\/p>\n<p>Aktuelle Zeit:0:00Gesamtdauer:0:00<\/p>\n<p>1x<img loading=\"lazy\" src=\"https:\/\/www.t-online.de\/s\/paper\/_next\/static\/media\/font-sizes.32942e33.svg\" alt=\"\" title=\"\" class=\"block h-[calc(var(--height)_\/_16_*_1rem)] w-[calc(var(--width)_\/_16_*_1rem)] max-w-none group-hover:hidden group-aria-expanded:hidden\" style=\"--width:16;--height:16\" decoding=\"async\"\/><img loading=\"lazy\" src=\"https:\/\/www.t-online.de\/s\/paper\/_next\/static\/media\/font-sizes-dark-mode.e382645c.svg\" alt=\"\" title=\"\" class=\"block h-[calc(var(--height)_\/_16_*_1rem)] w-[calc(var(--width)_\/_16_*_1rem)] max-w-none hidden group-hover:block group-aria-expanded:block\" style=\"--width:16;--height:16\" decoding=\"async\"\/><img loading=\"lazy\" src=\"https:\/\/www.t-online.de\/s\/paper\/_next\/static\/media\/sharing-menu-icon.1eb71368.svg\" alt=\"\" title=\"\" class=\"block h-[calc(var(--height)_\/_16_*_1rem)] w-[calc(var(--width)_\/_16_*_1rem)] max-w-none group-hover:brightness-0 group-hover:invert\" style=\"--width:16;--height:16\" decoding=\"async\"\/>Artikel teilen<\/p>\n<p class=\"font-bold text-18 leading-17 user-text-lg:text-22 user-text-xl:text-24\">Seit \u00fcber drei Jahrzehnten geh\u00f6rt &#8222;DAS! Rote Sofa&#8220; zum NDR. Die Talkshow l\u00e4uft t\u00e4glich, auch am Wochenende, etwa eine halbe Stunde im Vorabendprogramm.<\/p>\n<p class=\"text-18 leading-17 user-text-lg:text-22 user-text-xl:text-24\">Die Sendung &#8222;DAS!&#8220; dreht sich zum einen um tagesaktuelle Nachrichten und zum anderen um das Interview mit dem jeweiligen Gast, der auf dem roten Sofa Platz nehmen wird. Auch am 30. August wird live aus <a href=\"https:\/\/hamburg.t-online.de\/region\/hamburg\/\" class=\"transition-colors cursor-pointer no-underline md:hover:text-magenta md:focus:text-magenta border-b border-solid border-current text-salemsfur md:hover:border-magenta\" data-tracking=\"{&quot;action&quot;:&quot;click&quot;,&quot;category&quot;:&quot;intextLink&quot;,&quot;label&quot;:&quot;https:\/\/hamburg.t-online.de\/region\/hamburg\/&quot;}\" data-sctrack=\"BodyAnchor\" rel=\"nofollow noopener\" target=\"_blank\">Hamburg<\/a> \u00fcbertragen.<\/p>\n<p>Der Gast der heutigen Sendung<\/p>\n<p class=\"text-18 leading-17 user-text-lg:text-22 user-text-xl:text-24\">Heute Abend um 18.45 Uhr f\u00fchrt Inka Schneider durch die Sendung und interviewt Schauspielerin Friederike Kempter.<\/p>\n<p class=\"text-18 leading-17 user-text-lg:text-22 user-text-xl:text-24\">Als Nadeshda Krusenstern war sie 17 Jahre lang beim &#8222;Tatort&#8220; aus <a href=\"https:\/\/muenster.t-online.de\/region\/muenster\/\" class=\"transition-colors cursor-pointer no-underline md:hover:text-magenta md:focus:text-magenta border-b border-solid border-current text-salemsfur md:hover:border-magenta\" data-tracking=\"{&quot;action&quot;:&quot;click&quot;,&quot;category&quot;:&quot;intextLink&quot;,&quot;label&quot;:&quot;https:\/\/muenster.t-online.de\/region\/muenster\/&quot;}\" data-sctrack=\"BodyAnchor\" rel=\"nofollow noopener\" target=\"_blank\">M\u00fcnster<\/a> zu sehen, dann verabschiedete sich <a href=\"https:\/\/www.t-online.de\/themen\/friederike-kempter\/\" class=\"transition-colors cursor-pointer no-underline md:hover:text-magenta md:focus:text-magenta border-b border-solid border-current text-salemsfur md:hover:border-magenta\" data-tracking=\"{&quot;action&quot;:&quot;click&quot;,&quot;category&quot;:&quot;intextLink&quot;,&quot;label&quot;:&quot;\/themen\/friederike-kempter\/&quot;}\" data-sctrack=\"BodyAnchor\" rel=\"nofollow noopener\" target=\"_blank\">Friederike Kempter<\/a> von der Rolle, die sie fast zwei Jahrzehnte begleitet hatte. Nun stehen neue Rollen an: Als betuchte Mutter in &#8222;Fang mich doch&#8220;, als Amtsleiterin in &#8222;Die Beh\u00f6rde&#8220; und in der neuen Staffel &#8222;Achtsam Morden&#8220; kann die Schauspielerin ihr K\u00f6nnen abseits der Kommissarenrolle unter Beweis stellen. Auf dem roten Sofa erz\u00e4hlt sie vom Reiz des Neuen, aber auch aus der Vergangenheit.<\/p>\n<p class=\"text-18 leading-17 user-text-lg:text-22 user-text-xl:text-24\">Bereits seit 1991 geh\u00f6rt &#8222;DAS!&#8220; (Akronym f\u00fcr Das Abendstudio) zum Vorabendprogramm des <a href=\"https:\/\/www.t-online.de\/themen\/ndr\/\" class=\"transition-colors cursor-pointer no-underline md:hover:text-magenta md:focus:text-magenta border-b border-solid border-current text-salemsfur md:hover:border-magenta\" data-tracking=\"{&quot;action&quot;:&quot;click&quot;,&quot;category&quot;:&quot;intextLink&quot;,&quot;label&quot;:&quot;\/themen\/ndr\/&quot;}\" data-sctrack=\"BodyAnchor\" rel=\"nofollow noopener\" target=\"_blank\">NDR<\/a>. Mit den Jahren ist das rote Sofa zum Markenzeichen geworden und mittlerweile Teil des Namens. Thematisch steht in jeder Folge der Gast im Vordergrund. Die Beitr\u00e4ge und Nachrichten werden passend abgestimmt, wobei der Norden Deutschlands h\u00e4ufig eine besondere Rolle einnimmt.<\/p>\n<p class=\"text-18 leading-17 user-text-lg:text-22 user-text-xl:text-24\">Aktuell wechseln sich vier Moderatoren ab. <a href=\"https:\/\/www.t-online.de\/themen\/bettina-tietjen\/\" class=\"transition-colors cursor-pointer no-underline md:hover:text-magenta md:focus:text-magenta border-b border-solid border-current text-salemsfur md:hover:border-magenta\" data-tracking=\"{&quot;action&quot;:&quot;click&quot;,&quot;category&quot;:&quot;intextLink&quot;,&quot;label&quot;:&quot;\/themen\/bettina-tietjen\/&quot;}\" data-sctrack=\"BodyAnchor\" rel=\"nofollow noopener\" target=\"_blank\">Bettina Tietjen<\/a> ist bereits seit 1993 dabei. Seit den fr\u00fchen 2000ern geh\u00f6ren Inka Schneider und Hinnerk Baumgarten zur Sendung. Ilka Petersen hat 2022 zum ersten Mal auf dem roten Sofa moderiert.<\/p>\n<p><img loading=\"lazy\" src=\"https:\/\/www.t-online.de\/s\/paper\/_next\/static\/media\/video-carousel-play.6f25714b.svg\" alt=\"\" title=\"\" class=\"block h-[calc(var(--height)_\/_16_*_1rem)] w-[calc(var(--width)_\/_16_*_1rem)] max-w-none undefined\" style=\"--height:12\" decoding=\"async\"\/><\/p>\n<p>Die Sendetermine und G\u00e4ste von &#8222;DAS! Rote Sofa&#8220;<\/p>\n<p class=\"text-18 leading-17 user-text-lg:text-22 user-text-xl:text-24\">Die <a href=\"https:\/\/www.t-online.de\/themen\/talkshow\/\" class=\"transition-colors cursor-pointer no-underline md:hover:text-magenta md:focus:text-magenta border-b border-solid border-current text-salemsfur md:hover:border-magenta\" data-tracking=\"{&quot;action&quot;:&quot;click&quot;,&quot;category&quot;:&quot;intextLink&quot;,&quot;label&quot;:&quot;\/themen\/talkshow\/&quot;}\" data-sctrack=\"BodyAnchor\" rel=\"nofollow noopener\" target=\"_blank\">Talkshow<\/a> l\u00e4uft t\u00e4glich um 18.45 Uhr im NDR. Die Sendetermine sind wie folgt geplant:<\/p>\n<p>Montag, 31. August, um 18.45 Uhr mit Stoffwechselforscher Dr. Tim HollsteinDienstag, 1. September, um 18.45 Uhr mit Schauspielerin Anna FischerMittwoch, 2. September, um 18.45 Uhr mit Langstreckenl\u00e4ufer Amanal Petros<\/p>\n<p class=\"text-18 leading-17 user-text-lg:text-22 user-text-xl:text-24\">Sie haben die aktuelle Ausgabe im NDR verpasst? \u00dcber die ARD-Mediathek lassen sich die j\u00fcngste Folge und auch die vergangenen Aufzeichnungen abrufen. In der Regel stehen die Folgen kurz nach der Erstausstrahlung zum Streaming bereit.<\/p>\n","protected":false},"excerpt":{"rendered":"Talkshow im NDR &#8222;DAS! Rote Sofa&#8220;: Dieser Gast ist heute dabei 30.08.2026 &#8211; 08:09 UhrLesedauer: 2 Min. Das&hellip;\n","protected":false},"author":2,"featured_media":365679,"comment_status":"","ping_status":"","sticky":false,"template":"","format":"standard","meta":{"footnotes":"","_share_on_mastodon":"0"},"categories":[25],"tags":[601,602,46,42,18603,147,81704,828,18602,18604,18601,92090,3971,44,156,155,3091,148,66115],"class_list":["post-365678","post","type-post","status-publish","format-standard","has-post-thumbnail","category-serien","tag-601","tag-602","tag-at","tag-austria","tag-bettina-tietjen","tag-entertainment","tag-friederike-kempter","tag-hamburg","tag-hinnerk-baumgarten","tag-ilka-petersen","tag-inka-schneider","tag-nadeshda-krusenstern","tag-ndr","tag-oesterreich","tag-serien","tag-series","tag-talkshow","tag-unterhaltung","tag-vorabendprogramm"],"share_on_mastodon":{"url":"https:\/\/pubeurope.com\/@at\/117188081967814970","error":""},"_links":{"self":[{"href":"https:\/\/www.europesays.com\/at\/wp-json\/wp\/v2\/posts\/365678","targetHints":{"allow":["GET"]}}],"collection":[{"href":"https:\/\/www.europesays.com\/at\/wp-json\/wp\/v2\/posts"}],"about":[{"href":"https:\/\/www.europesays.com\/at\/wp-json\/wp\/v2\/types\/post"}],"author":[{"embeddable":true,"href":"https:\/\/www.europesays.com\/at\/wp-json\/wp\/v2\/users\/2"}],"replies":[{"embeddable":true,"href":"https:\/\/www.europesays.com\/at\/wp-json\/wp\/v2\/comments?post=365678"}],"version-history":[{"count":0,"href":"https:\/\/www.europesays.com\/at\/wp-json\/wp\/v2\/posts\/365678\/revisions"}],"wp:featuredmedia":[{"embeddable":true,"href":"https:\/\/www.europesays.com\/at\/wp-json\/wp\/v2\/media\/365679"}],"wp:attachment":[{"href":"https:\/\/www.europesays.com\/at\/wp-json\/wp\/v2\/media?parent=365678"}],"wp:term":[{"taxonomy":"category","embeddable":true,"href":"https:\/\/www.europesays.com\/at\/wp-json\/wp\/v2\/categories?post=365678"},{"taxonomy":"post_tag","embeddable":true,"href":"https:\/\/www.europesays.com\/at\/wp-json\/wp\/v2\/tags?post=365678"}],"curies":[{"name":"wp","href":"https:\/\/api.w.org\/{rel}","templated":true}]}}