{"id":365938,"date":"2026-08-31T07:10:10","date_gmt":"2026-08-31T07:10:10","guid":{"rendered":"https:\/\/www.europesays.com\/at\/365938\/"},"modified":"2026-08-31T07:10:10","modified_gmt":"2026-08-31T07:10:10","slug":"offenes-radrennen-nach-pogacar-aus-darf-gall-vom-vuelta-sieg-traeumen-kronen-zeitung","status":"publish","type":"post","link":"https:\/\/www.europesays.com\/at\/365938\/","title":{"rendered":"Offenes Radrennen &#8211; Nach Pogacar-Aus darf Gall vom Vuelta-Sieg tr\u00e4umen &#8211; Kronen Zeitung"},"content":{"rendered":"<p><a href=\"https:\/\/news.google.com\/rss\/articles\/CBMiQkFVX3lxTE5QRDBYUkUzTENxLW9wSnpVeHJwZFJTRG9JeEcteHRZemg0WkhuMVlVUGt4R1VHdGdqOXpDcnpxZEljZw?oc=5\" target=\"_blank\" rel=\"nofollow noopener\">Offenes Radrennen &#8211; Nach Pogacar-Aus darf Gall vom Vuelta-Sieg tr\u00e4umen<\/a>&nbsp;&nbsp;Kronen Zeitung<a href=\"https:\/\/news.google.com\/rss\/articles\/CBMiTkFVX3lxTE5IQm02bWZnZm9oM0JOX3lmamdXNzBRNkI1Y0YyaFlpa2dvb2FkU2ZibGNsU3M2eGNOejJyaWUzNXR0aF9xSERaTDA0WjlPdw?oc=5\" target=\"_blank\" rel=\"nofollow noopener\">VUELTA: Gall b\u00fc\u00dft Zeit auf Spitzenreiter ein<\/a>&nbsp;&nbsp;sport.ORF.at<a href=\"https:\/\/news.google.com\/rss\/articles\/CBMingFBVV95cUxNVXY1angtUmZrS1ptOHgtWGFJb3ptRUpHWXpFUjNVMTYtZTdFOEdLbzNrQzNka1ZIOUZxTjNlOTdCN0M1bHRRbFlLSFI4VlBrSFJOQkpWOGFvV0JsRU13eEtTUXdFS2lQQ2wzQ3hiaDJwcXVtY21uNHBjRVRFYWd6bl9wNHBubzQ3Q1U2N25YdWR3YTF2elM3T2JjT2hVZw?oc=5\" target=\"_blank\" rel=\"nofollow noopener\">Radsport: Gall nach offensiver Bergetappe weiter Vuelta-Dritter<\/a>&nbsp;&nbsp;DiePresse.com<a href=\"https:\/\/news.google.com\/rss\/articles\/CBMirAFBVV95cUxNRFdjVTd2Rk8zX01JczRLMlFPM2dTdGkxUk5lUGE5X3VMR2FaaXlPdU43Q09UYjdXUmpsTmlTeUFGRGQzWVcwU0ZmTDRjUFprUl9qWi1Ybk1aTUFhcFRId3kxNHZGb083Sl9XT0phckpVMzZwWDlEaEJlSU4xZldOUW5MNXZjYm5jR0dqZ0IwZGNOV3FfYjdsY0FfNzN0WEo3QjFLZXhfQXJfQXc3?oc=5\" target=\"_blank\" rel=\"nofollow noopener\">Podium in Reichweite: Gall bereits Gesamtvierter bei Vuelta, Tagessieg an Leknessund<\/a>&nbsp;&nbsp;Der Standard<a href=\"https:\/\/news.google.com\/rss\/articles\/CBMiqgFBVV95cUxQSjl4VXFzcmFXdkpORk0wcWs0QkpzTEZiZHFBVS1Ed0VTWkdpZDJja1M4MWJJYjA0S0h1aEhPR25NRlpCc1JHU3lxN2U3THdMYUhzWEVmaXk3UWRJZllhNkFHbHlxMWxxLWpncE43Q0JVRUVaZXVNVG9yYTdKc1UwdHV6YkZQVTUyVVhob2p6U240YzlNMWY2Tk9lMTU5S1Fya0VsaVBSUzFqQQ?oc=5\" target=\"_blank\" rel=\"nofollow noopener\">Felix Gall verpasste bei der Vuelta den Sprung an die Spitze<\/a>&nbsp;&nbsp;Kleine Zeitung<\/p>\n","protected":false},"excerpt":{"rendered":"Offenes Radrennen &#8211; Nach Pogacar-Aus darf Gall vom Vuelta-Sieg tr\u00e4umen&nbsp;&nbsp;Kronen ZeitungVUELTA: Gall b\u00fc\u00dft Zeit auf Spitzenreiter ein&nbsp;&nbsp;sport.ORF.atRadsport: Gall&hellip;\n","protected":false},"author":2,"featured_media":365939,"comment_status":"","ping_status":"","sticky":false,"template":"","format":"standard","meta":{"footnotes":"","_share_on_mastodon":"0"},"categories":[18],"tags":[46,42,92124,47620,47621,92125,44,11774,109,108,23726],"class_list":["post-365938","post","type-post","status-publish","format-standard","has-post-thumbnail","category-sport","tag-at","tag-austria","tag-enric-mas","tag-felix-gall","tag-gregor-muehlberger","tag-mas","tag-oesterreich","tag-spanischen","tag-sport","tag-sports","tag-tadej-pogacar"],"share_on_mastodon":{"url":"https:\/\/pubeurope.com\/@at\/117188874947999564","error":""},"_links":{"self":[{"href":"https:\/\/www.europesays.com\/at\/wp-json\/wp\/v2\/posts\/365938","targetHints":{"allow":["GET"]}}],"collection":[{"href":"https:\/\/www.europesays.com\/at\/wp-json\/wp\/v2\/posts"}],"about":[{"href":"https:\/\/www.europesays.com\/at\/wp-json\/wp\/v2\/types\/post"}],"author":[{"embeddable":true,"href":"https:\/\/www.europesays.com\/at\/wp-json\/wp\/v2\/users\/2"}],"replies":[{"embeddable":true,"href":"https:\/\/www.europesays.com\/at\/wp-json\/wp\/v2\/comments?post=365938"}],"version-history":[{"count":0,"href":"https:\/\/www.europesays.com\/at\/wp-json\/wp\/v2\/posts\/365938\/revisions"}],"wp:featuredmedia":[{"embeddable":true,"href":"https:\/\/www.europesays.com\/at\/wp-json\/wp\/v2\/media\/365939"}],"wp:attachment":[{"href":"https:\/\/www.europesays.com\/at\/wp-json\/wp\/v2\/media?parent=365938"}],"wp:term":[{"taxonomy":"category","embeddable":true,"href":"https:\/\/www.europesays.com\/at\/wp-json\/wp\/v2\/categories?post=365938"},{"taxonomy":"post_tag","embeddable":true,"href":"https:\/\/www.europesays.com\/at\/wp-json\/wp\/v2\/tags?post=365938"}],"curies":[{"name":"wp","href":"https:\/\/api.w.org\/{rel}","templated":true}]}}